{"id":1461,"date":"2021-02-25T10:35:22","date_gmt":"2021-02-25T10:35:22","guid":{"rendered":"https:\/\/mavisiteenfrance.com\/?p=1461"},"modified":"2026-03-31T14:59:36","modified_gmt":"2026-03-31T14:59:36","slug":"vezac-jardins-de-marqueyssac","status":"publish","type":"post","link":"https:\/\/mavisiteenfrance.com\/index.php\/vezac-jardins-de-marqueyssac\/","title":{"rendered":"V\u00e9zac &#8211; Jardins de Marqueyssac"},"content":{"rendered":"\n<figure class=\"wp-block-image size-large is-resized\"><img loading=\"lazy\" decoding=\"async\" src=\"https:\/\/mavisiteenfrance.com\/wp-content\/uploads\/2021\/02\/Jardins-de-Marqueyssac.png\" alt=\"\" class=\"wp-image-1462\" width=\"429\" height=\"296\"\/><\/figure>\n\n\n\n<p>Marqueyssac est l&rsquo;un des plus beaux jardins romantiques de France et aujourd&rsquo;hui le plus visit\u00e9 du P\u00e9rigord.<br>Site class\u00e9 pour son parc historique de 22 hectares, Marqueyssac offre plus de 6 kilom\u00e8tres de promenades ombrag\u00e9es dans un d\u00e9dale de 150 000 buis centenaires taill\u00e9s \u00e0 la main.<br><\/p>\n\n\n\n<p>Du Belv\u00e9d\u00e8re de la Dordogne, \u00e0 130 m\u00e8tres au-dessus de la rivi\u00e8re, se d\u00e9ploie le plus beau panorama du P\u00e9rigord, t\u00e9moin d&rsquo;un riche pass\u00e9 historique et d&rsquo;un patrimoine naturel grandiose.<br><\/p>\n\n\n\n<p>C&rsquo;est un point de vue exceptionnel sur l&rsquo;ensemble de la vall\u00e9e, ses ch\u00e2teaux et ses plus beaux villages de France : Beynac, Fayrac, Castelnaud, La Roque-Gageac et Domme.<br><\/p>\n\n\n\n<p>Pour \u00e9viter l&rsquo;affluence, en juillet et ao\u00fbt, achetez votre billet en ligne : marqueyssac.com<br>DU 15 NOVEMBRE AU 31 MARS 2021<br>Adultes : 9.90\u20ac Enfants : (10 \u00e0 17 ans): 5\u20ac<br>DU 1er AVRIL 14 NOVEMBRE 2021<br>Adultes : 10.90\u20ac Enfants : (10 \u00e0 17 ans): 5.50\u20ac<\/p>\n\n\n\n<p>24220 V\u00e9zac<br>jardins@marqueyssac.com<br>Tel. : 05.53.31.36.36<br><a href=\"http:\/\/www.marqueyssac.com\" target=\"_blank\" rel=\"noreferrer noopener\">http:\/\/www.marqueyssac.com<\/a><\/p>\n\n\n\n<div class=\"wp-block-buttons is-layout-flex wp-block-buttons-is-layout-flex\">\n<div class=\"wp-block-button\"><a class=\"wp-block-button__link has-vivid-cyan-blue-background-color has-background\" href=\"http:\/\/www.marqueyssac.com\" target=\"_blank\" rel=\"noreferrer noopener\"><span class=\"has-inline-color has-white-color\">Je d\u00e9couvre l&rsquo;activit\u00e9<\/span><\/a><\/div>\n<\/div>\n\n\n","protected":false},"excerpt":{"rendered":"<p>Marqueyssac est l&rsquo;un des plus beaux jardins romantiques de France et aujourd&rsquo;hui le plus visit\u00e9 du P\u00e9rigord.Site class\u00e9 pour son parc historique de 22 hectares, Marqueyssac offre plus de 6 kilom\u00e8tres de promenades ombrag\u00e9es dans un d\u00e9dale de 150 000 buis centenaires taill\u00e9s \u00e0 la main. Du Belv\u00e9d\u00e8re de la Dordogne, \u00e0 130 m\u00e8tres au-dessus [&hellip;]<\/p>\n","protected":false},"author":1,"featured_media":1462,"comment_status":"closed","ping_status":"closed","sticky":false,"template":"","format":"standard","meta":{"footnotes":""},"categories":[52],"tags":[],"class_list":["post-1461","post","type-post","status-publish","format-standard","has-post-thumbnail","hentry","category-activites-insolites-region-de-dordogne"],"yoast_head":"<!-- This site is optimized with the Yoast SEO plugin v19.6.1 - https:\/\/yoast.com\/wordpress\/plugins\/seo\/ -->\n<title>V\u00e9zac - Jardins de Marqueyssac - Ma Visite en France<\/title>\n<meta name=\"description\" content=\"D\u00e9couvrez l&#039;un des plus beaux jardins de France \u00e0 V\u00e9zac.\" \/>\n<meta name=\"robots\" content=\"index, follow, max-snippet:-1, max-image-preview:large, max-video-preview:-1\" \/>\n<link rel=\"canonical\" href=\"https:\/\/mavisiteenfrance.com\/index.php\/vezac-jardins-de-marqueyssac\/\" \/>\n<meta property=\"og:locale\" content=\"fr_FR\" \/>\n<meta property=\"og:type\" content=\"article\" \/>\n<meta property=\"og:title\" content=\"V\u00e9zac - Jardins de Marqueyssac - Ma Visite en France\" \/>\n<meta property=\"og:description\" content=\"D\u00e9couvrez l&#039;un des plus beaux jardins de France \u00e0 V\u00e9zac.\" \/>\n<meta property=\"og:url\" content=\"https:\/\/mavisiteenfrance.com\/index.php\/vezac-jardins-de-marqueyssac\/\" \/>\n<meta property=\"og:site_name\" content=\"Ma Visite en France\" \/>\n<meta property=\"article:published_time\" content=\"2021-02-25T10:35:22+00:00\" \/>\n<meta property=\"article:modified_time\" content=\"2026-03-31T14:59:36+00:00\" \/>\n<meta property=\"og:image\" content=\"https:\/\/mavisiteenfrance.com\/wp-content\/uploads\/2021\/02\/Jardins-de-Marqueyssac.png\" \/>\n\t<meta property=\"og:image:width\" content=\"550\" \/>\n\t<meta property=\"og:image:height\" content=\"380\" \/>\n\t<meta property=\"og:image:type\" content=\"image\/png\" \/>\n<meta name=\"author\" content=\"admin\" \/>\n<meta name=\"twitter:card\" content=\"summary_large_image\" \/>\n<meta name=\"twitter:label1\" content=\"\u00c9crit par\" \/>\n\t<meta name=\"twitter:data1\" content=\"admin\" \/>\n\t<meta name=\"twitter:label2\" content=\"Dur\u00e9e de lecture estim\u00e9e\" \/>\n\t<meta name=\"twitter:data2\" content=\"1 minute\" \/>\n<script type=\"application\/ld+json\" class=\"yoast-schema-graph\">{\"@context\":\"https:\/\/schema.org\",\"@graph\":[{\"@type\":\"WebPage\",\"@id\":\"https:\/\/mavisiteenfrance.com\/index.php\/vezac-jardins-de-marqueyssac\/\",\"url\":\"https:\/\/mavisiteenfrance.com\/index.php\/vezac-jardins-de-marqueyssac\/\",\"name\":\"V\u00e9zac - Jardins de Marqueyssac - Ma Visite en France\",\"isPartOf\":{\"@id\":\"https:\/\/mavisiteenfrance.com\/#website\"},\"datePublished\":\"2021-02-25T10:35:22+00:00\",\"dateModified\":\"2026-03-31T14:59:36+00:00\",\"author\":{\"@id\":\"https:\/\/mavisiteenfrance.com\/#\/schema\/person\/b6a3c941e23f14cb37e924e8335f04c4\"},\"description\":\"D\u00e9couvrez l'un des plus beaux jardins de France \u00e0 V\u00e9zac.\",\"breadcrumb\":{\"@id\":\"https:\/\/mavisiteenfrance.com\/index.php\/vezac-jardins-de-marqueyssac\/#breadcrumb\"},\"inLanguage\":\"fr-FR\",\"potentialAction\":[{\"@type\":\"ReadAction\",\"target\":[\"https:\/\/mavisiteenfrance.com\/index.php\/vezac-jardins-de-marqueyssac\/\"]}]},{\"@type\":\"BreadcrumbList\",\"@id\":\"https:\/\/mavisiteenfrance.com\/index.php\/vezac-jardins-de-marqueyssac\/#breadcrumb\",\"itemListElement\":[{\"@type\":\"ListItem\",\"position\":1,\"name\":\"Accueil\",\"item\":\"https:\/\/mavisiteenfrance.com\/\"},{\"@type\":\"ListItem\",\"position\":2,\"name\":\"V\u00e9zac &#8211; Jardins de Marqueyssac\"}]},{\"@type\":\"WebSite\",\"@id\":\"https:\/\/mavisiteenfrance.com\/#website\",\"url\":\"https:\/\/mavisiteenfrance.com\/\",\"name\":\"Ma Visite en France\",\"description\":\"Exp\u00e9riences insolites\",\"potentialAction\":[{\"@type\":\"SearchAction\",\"target\":{\"@type\":\"EntryPoint\",\"urlTemplate\":\"https:\/\/mavisiteenfrance.com\/?s={search_term_string}\"},\"query-input\":\"required name=search_term_string\"}],\"inLanguage\":\"fr-FR\"},{\"@type\":\"Person\",\"@id\":\"https:\/\/mavisiteenfrance.com\/#\/schema\/person\/b6a3c941e23f14cb37e924e8335f04c4\",\"name\":\"admin\",\"image\":{\"@type\":\"ImageObject\",\"inLanguage\":\"fr-FR\",\"@id\":\"https:\/\/mavisiteenfrance.com\/#\/schema\/person\/image\/\",\"url\":\"https:\/\/secure.gravatar.com\/avatar\/ebd3faec6905ca75bc72e3855d8596480f5f3ea28e20f40025560f410c2e639b?s=96&d=mm&r=g\",\"contentUrl\":\"https:\/\/secure.gravatar.com\/avatar\/ebd3faec6905ca75bc72e3855d8596480f5f3ea28e20f40025560f410c2e639b?s=96&d=mm&r=g\",\"caption\":\"admin\"},\"sameAs\":[\"https:\/\/mavisiteenfrance.com\"],\"url\":\"https:\/\/mavisiteenfrance.com\/index.php\/author\/admin\/\"}]}<\/script>\n<!-- \/ Yoast SEO plugin. -->","yoast_head_json":{"title":"V\u00e9zac - Jardins de Marqueyssac - Ma Visite en France","description":"D\u00e9couvrez l'un des plus beaux jardins de France \u00e0 V\u00e9zac.","robots":{"index":"index","follow":"follow","max-snippet":"max-snippet:-1","max-image-preview":"max-image-preview:large","max-video-preview":"max-video-preview:-1"},"canonical":"https:\/\/mavisiteenfrance.com\/index.php\/vezac-jardins-de-marqueyssac\/","og_locale":"fr_FR","og_type":"article","og_title":"V\u00e9zac - Jardins de Marqueyssac - Ma Visite en France","og_description":"D\u00e9couvrez l'un des plus beaux jardins de France \u00e0 V\u00e9zac.","og_url":"https:\/\/mavisiteenfrance.com\/index.php\/vezac-jardins-de-marqueyssac\/","og_site_name":"Ma Visite en France","article_published_time":"2021-02-25T10:35:22+00:00","article_modified_time":"2026-03-31T14:59:36+00:00","og_image":[{"width":550,"height":380,"url":"https:\/\/mavisiteenfrance.com\/wp-content\/uploads\/2021\/02\/Jardins-de-Marqueyssac.png","type":"image\/png"}],"author":"admin","twitter_card":"summary_large_image","twitter_misc":{"\u00c9crit par":"admin","Dur\u00e9e de lecture estim\u00e9e":"1 minute"},"schema":{"@context":"https:\/\/schema.org","@graph":[{"@type":"WebPage","@id":"https:\/\/mavisiteenfrance.com\/index.php\/vezac-jardins-de-marqueyssac\/","url":"https:\/\/mavisiteenfrance.com\/index.php\/vezac-jardins-de-marqueyssac\/","name":"V\u00e9zac - Jardins de Marqueyssac - Ma Visite en France","isPartOf":{"@id":"https:\/\/mavisiteenfrance.com\/#website"},"datePublished":"2021-02-25T10:35:22+00:00","dateModified":"2026-03-31T14:59:36+00:00","author":{"@id":"https:\/\/mavisiteenfrance.com\/#\/schema\/person\/b6a3c941e23f14cb37e924e8335f04c4"},"description":"D\u00e9couvrez l'un des plus beaux jardins de France \u00e0 V\u00e9zac.","breadcrumb":{"@id":"https:\/\/mavisiteenfrance.com\/index.php\/vezac-jardins-de-marqueyssac\/#breadcrumb"},"inLanguage":"fr-FR","potentialAction":[{"@type":"ReadAction","target":["https:\/\/mavisiteenfrance.com\/index.php\/vezac-jardins-de-marqueyssac\/"]}]},{"@type":"BreadcrumbList","@id":"https:\/\/mavisiteenfrance.com\/index.php\/vezac-jardins-de-marqueyssac\/#breadcrumb","itemListElement":[{"@type":"ListItem","position":1,"name":"Accueil","item":"https:\/\/mavisiteenfrance.com\/"},{"@type":"ListItem","position":2,"name":"V\u00e9zac &#8211; Jardins de Marqueyssac"}]},{"@type":"WebSite","@id":"https:\/\/mavisiteenfrance.com\/#website","url":"https:\/\/mavisiteenfrance.com\/","name":"Ma Visite en France","description":"Exp\u00e9riences insolites","potentialAction":[{"@type":"SearchAction","target":{"@type":"EntryPoint","urlTemplate":"https:\/\/mavisiteenfrance.com\/?s={search_term_string}"},"query-input":"required name=search_term_string"}],"inLanguage":"fr-FR"},{"@type":"Person","@id":"https:\/\/mavisiteenfrance.com\/#\/schema\/person\/b6a3c941e23f14cb37e924e8335f04c4","name":"admin","image":{"@type":"ImageObject","inLanguage":"fr-FR","@id":"https:\/\/mavisiteenfrance.com\/#\/schema\/person\/image\/","url":"https:\/\/secure.gravatar.com\/avatar\/ebd3faec6905ca75bc72e3855d8596480f5f3ea28e20f40025560f410c2e639b?s=96&d=mm&r=g","contentUrl":"https:\/\/secure.gravatar.com\/avatar\/ebd3faec6905ca75bc72e3855d8596480f5f3ea28e20f40025560f410c2e639b?s=96&d=mm&r=g","caption":"admin"},"sameAs":["https:\/\/mavisiteenfrance.com"],"url":"https:\/\/mavisiteenfrance.com\/index.php\/author\/admin\/"}]}},"_links":{"self":[{"href":"https:\/\/mavisiteenfrance.com\/index.php\/wp-json\/wp\/v2\/posts\/1461","targetHints":{"allow":["GET"]}}],"collection":[{"href":"https:\/\/mavisiteenfrance.com\/index.php\/wp-json\/wp\/v2\/posts"}],"about":[{"href":"https:\/\/mavisiteenfrance.com\/index.php\/wp-json\/wp\/v2\/types\/post"}],"author":[{"embeddable":true,"href":"https:\/\/mavisiteenfrance.com\/index.php\/wp-json\/wp\/v2\/users\/1"}],"replies":[{"embeddable":true,"href":"https:\/\/mavisiteenfrance.com\/index.php\/wp-json\/wp\/v2\/comments?post=1461"}],"version-history":[{"count":1,"href":"https:\/\/mavisiteenfrance.com\/index.php\/wp-json\/wp\/v2\/posts\/1461\/revisions"}],"predecessor-version":[{"id":1463,"href":"https:\/\/mavisiteenfrance.com\/index.php\/wp-json\/wp\/v2\/posts\/1461\/revisions\/1463"}],"wp:featuredmedia":[{"embeddable":true,"href":"https:\/\/mavisiteenfrance.com\/index.php\/wp-json\/wp\/v2\/media\/1462"}],"wp:attachment":[{"href":"https:\/\/mavisiteenfrance.com\/index.php\/wp-json\/wp\/v2\/media?parent=1461"}],"wp:term":[{"taxonomy":"category","embeddable":true,"href":"https:\/\/mavisiteenfrance.com\/index.php\/wp-json\/wp\/v2\/categories?post=1461"},{"taxonomy":"post_tag","embeddable":true,"href":"https:\/\/mavisiteenfrance.com\/index.php\/wp-json\/wp\/v2\/tags?post=1461"}],"curies":[{"name":"wp","href":"https:\/\/api.w.org\/{rel}","templated":true}]}}