{"id":1670,"date":"2021-03-08T13:04:03","date_gmt":"2021-03-08T13:04:03","guid":{"rendered":"https:\/\/mavisiteenfrance.com\/?p=1670"},"modified":"2026-03-31T15:01:18","modified_gmt":"2026-03-31T15:01:18","slug":"toulon-galerie-dart-associative","status":"publish","type":"post","link":"https:\/\/mavisiteenfrance.com\/index.php\/toulon-galerie-dart-associative\/","title":{"rendered":"Toulon &#8211; Galerie d&rsquo;Art Associative"},"content":{"rendered":"\n<figure class=\"wp-block-image size-large is-resized\"><img loading=\"lazy\" decoding=\"async\" src=\"https:\/\/mavisiteenfrance.com\/wp-content\/uploads\/2021\/03\/Toulon-Galerie-dArt-Associative.png\" alt=\"\" class=\"wp-image-1671\" width=\"431\" height=\"298\"\/><\/figure>\n\n\n\n<p>Depuis plus de vingt cinq ans, l&rsquo;Espace Castillon est \u00e0 l&rsquo;initiative d&rsquo;actions :<br>\u2013 en faveur d&rsquo;artistes de la r\u00e9gion et d&rsquo;ailleurs, leur offrant un lieu d&rsquo;exposition (souvent le premier), v\u00e9ritable tremplin.<br>\u2013 en direction d&rsquo;un public de non initi\u00e9s, pour faciliter l&rsquo;acc\u00e8s \u00e0 l&rsquo;art et \u00e0 la culture en g\u00e9n\u00e9ral. La galerie pratique une politique de prix attractive pour rendre possible les achats d&rsquo;art par des personnes non fortun\u00e9es.<\/p>\n\n\n\n<p>L&rsquo;Espace Castillon a \u00e9t\u00e9 cr\u00e9\u00e9 en 1994 autour d&rsquo;un noyau d&rsquo;artistes complices. La Galerie est aujourd&rsquo;hui dirig\u00e9e par Arlette Bernard second\u00e9e par son \u00e9quipe. 120 m2 dans le centre ville de Toulon, mettent volume et espace au service des \u0153uvres.<br>Tableaux, sculptures, meubles d&rsquo;artistes et installations se partagent l&rsquo;espace avec harmonie.<br>Ce lieu unique \u00e0 Toulon permet de promouvoir de jeunes talents (choisis par un comit\u00e9 de s\u00e9lection pour leurs qualit\u00e9s plastiques et esth\u00e9tiques) qui b\u00e9n\u00e9ficient de l&rsquo;aura des artistes confirm\u00e9s de la galerie.<\/p>\n\n\n\n<p>A la galerie chaque mois, une nouvelle exposition r\u00e9unit autour d&rsquo;un th\u00e8me diverses formes d&rsquo;art qui se rencontrent, cohabitent, \u00e9changent, se disputent&#8230; Elles sont vivantes et invitent le public \u00e0 la d\u00e9couverte&#8230;<\/p>\n\n\n\n<p>Ce travail conduit avec plaisir et rigueur, fort de la participation d&rsquo;une quarantaine d&rsquo;artistes et plasticiens, est r\u00e9compens\u00e9 par le soutien confiant et amical d&rsquo;une client\u00e8le fid\u00e8le, compos\u00e9e de nombreux jeunes.<\/p>\n\n\n\n<p>De plus, la galerie est particuli\u00e8rement active dans la vie culturelle et associative de l&rsquo;aire toulonnaise<\/p>\n\n\n\n<p>Son activit\u00e9 permet \u00e0 un public scolaire d&rsquo;enrichir son parcours culturel par&nbsp;une implication p\u00e9dagogique constante&nbsp;:<\/p>\n\n\n\n<p>Organisation de visites pour groupes comment\u00e9es pour l&rsquo;occasion par une sp\u00e9cialiste de l&rsquo;art contemporain, en fonction de l&rsquo;\u00e2ge des enfants (de 3 \u00e0&#8230;20 ans voire plus&#8230;)&nbsp;;<br>Accueil pour stagiaires de l&rsquo;Ecole des Beaux-Arts et \u00e9tudiants sortants d&rsquo;\u00e9tudes artistiques&nbsp;;<\/p>\n\n\n\n<p>Accueil pour des activit\u00e9 culturelles :<br>lectures po\u00e9tiques, atelier d&rsquo;\u00e9criture. Implication des artistes de la galerie pour mener des ateliers alliant rencontre et partage de savoir faire au sein de l&rsquo;association.<\/p>\n\n\n\n<p>ESPACE CASTILLON \u2013<br>La Galerie est ouverte du Mardi eu Samedi de 10h \u00e0 13h et de 15h \u00e0 19h.<\/p>\n\n\n\n<p>22 rue Paul Lendrin (petit cours Lafayette) \u2013 83000 Toulon<br>castillonespace@gmail.com<br>Tel. : 04 94 93 47 33<br><a href=\"http:\/\/espacecastillon.fr\" target=\"_blank\" rel=\"noreferrer noopener\">http:\/\/espacecastillon.fr<\/a><\/p>\n\n\n\n<div class=\"wp-block-buttons is-layout-flex wp-block-buttons-is-layout-flex\">\n<div class=\"wp-block-button\"><a class=\"wp-block-button__link has-vivid-cyan-blue-background-color has-background\" href=\"http:\/\/espacecastillon.fr\" target=\"_blank\" rel=\"noreferrer noopener\"><span class=\"has-inline-color has-white-color\">Je d\u00e9couvre l&rsquo;activit\u00e9<\/span><\/a><\/div>\n<\/div>\n\n\n","protected":false},"excerpt":{"rendered":"<p>Depuis plus de vingt cinq ans, l&rsquo;Espace Castillon est \u00e0 l&rsquo;initiative d&rsquo;actions :\u2013 en faveur d&rsquo;artistes de la r\u00e9gion et d&rsquo;ailleurs, leur offrant un lieu d&rsquo;exposition (souvent le premier), v\u00e9ritable tremplin.\u2013 en direction d&rsquo;un public de non initi\u00e9s, pour faciliter l&rsquo;acc\u00e8s \u00e0 l&rsquo;art et \u00e0 la culture en g\u00e9n\u00e9ral. La galerie pratique une politique de [&hellip;]<\/p>\n","protected":false},"author":1,"featured_media":1671,"comment_status":"closed","ping_status":"closed","sticky":false,"template":"","format":"standard","meta":{"footnotes":""},"categories":[26],"tags":[],"class_list":["post-1670","post","type-post","status-publish","format-standard","has-post-thumbnail","hentry","category-activites-insolites-region-de-toulon"],"yoast_head":"<!-- This site is optimized with the Yoast SEO plugin v19.6.1 - https:\/\/yoast.com\/wordpress\/plugins\/seo\/ -->\n<title>Toulon - Galerie d&#039;Art Associative - Ma Visite en France<\/title>\n<meta name=\"description\" content=\"D\u00e9couvrez les \u0153uvres de nombreux artistes \u00e0 la galerie d&#039;art associative de Toulon.\" \/>\n<meta name=\"robots\" content=\"index, follow, max-snippet:-1, max-image-preview:large, max-video-preview:-1\" \/>\n<link rel=\"canonical\" href=\"https:\/\/mavisiteenfrance.com\/index.php\/toulon-galerie-dart-associative\/\" \/>\n<meta property=\"og:locale\" content=\"fr_FR\" \/>\n<meta property=\"og:type\" content=\"article\" \/>\n<meta property=\"og:title\" content=\"Toulon - Galerie d&#039;Art Associative - Ma Visite en France\" \/>\n<meta property=\"og:description\" content=\"D\u00e9couvrez les \u0153uvres de nombreux artistes \u00e0 la galerie d&#039;art associative de Toulon.\" \/>\n<meta property=\"og:url\" content=\"https:\/\/mavisiteenfrance.com\/index.php\/toulon-galerie-dart-associative\/\" \/>\n<meta property=\"og:site_name\" content=\"Ma Visite en France\" \/>\n<meta property=\"article:published_time\" content=\"2021-03-08T13:04:03+00:00\" \/>\n<meta property=\"article:modified_time\" content=\"2026-03-31T15:01:18+00:00\" \/>\n<meta property=\"og:image\" content=\"https:\/\/mavisiteenfrance.com\/wp-content\/uploads\/2021\/03\/Toulon-Galerie-dArt-Associative.png\" \/>\n\t<meta property=\"og:image:width\" content=\"550\" \/>\n\t<meta property=\"og:image:height\" content=\"380\" \/>\n\t<meta property=\"og:image:type\" content=\"image\/png\" \/>\n<meta name=\"author\" content=\"admin\" \/>\n<meta name=\"twitter:card\" content=\"summary_large_image\" \/>\n<meta name=\"twitter:label1\" content=\"\u00c9crit par\" \/>\n\t<meta name=\"twitter:data1\" content=\"admin\" \/>\n\t<meta name=\"twitter:label2\" content=\"Dur\u00e9e de lecture estim\u00e9e\" \/>\n\t<meta name=\"twitter:data2\" content=\"2 minutes\" \/>\n<script type=\"application\/ld+json\" class=\"yoast-schema-graph\">{\"@context\":\"https:\/\/schema.org\",\"@graph\":[{\"@type\":\"WebPage\",\"@id\":\"https:\/\/mavisiteenfrance.com\/index.php\/toulon-galerie-dart-associative\/\",\"url\":\"https:\/\/mavisiteenfrance.com\/index.php\/toulon-galerie-dart-associative\/\",\"name\":\"Toulon - Galerie d'Art Associative - Ma Visite en France\",\"isPartOf\":{\"@id\":\"https:\/\/mavisiteenfrance.com\/#website\"},\"datePublished\":\"2021-03-08T13:04:03+00:00\",\"dateModified\":\"2026-03-31T15:01:18+00:00\",\"author\":{\"@id\":\"https:\/\/mavisiteenfrance.com\/#\/schema\/person\/b6a3c941e23f14cb37e924e8335f04c4\"},\"description\":\"D\u00e9couvrez les \u0153uvres de nombreux artistes \u00e0 la galerie d'art associative de Toulon.\",\"breadcrumb\":{\"@id\":\"https:\/\/mavisiteenfrance.com\/index.php\/toulon-galerie-dart-associative\/#breadcrumb\"},\"inLanguage\":\"fr-FR\",\"potentialAction\":[{\"@type\":\"ReadAction\",\"target\":[\"https:\/\/mavisiteenfrance.com\/index.php\/toulon-galerie-dart-associative\/\"]}]},{\"@type\":\"BreadcrumbList\",\"@id\":\"https:\/\/mavisiteenfrance.com\/index.php\/toulon-galerie-dart-associative\/#breadcrumb\",\"itemListElement\":[{\"@type\":\"ListItem\",\"position\":1,\"name\":\"Accueil\",\"item\":\"https:\/\/mavisiteenfrance.com\/\"},{\"@type\":\"ListItem\",\"position\":2,\"name\":\"Toulon &#8211; Galerie d&rsquo;Art Associative\"}]},{\"@type\":\"WebSite\",\"@id\":\"https:\/\/mavisiteenfrance.com\/#website\",\"url\":\"https:\/\/mavisiteenfrance.com\/\",\"name\":\"Ma Visite en France\",\"description\":\"Exp\u00e9riences insolites\",\"potentialAction\":[{\"@type\":\"SearchAction\",\"target\":{\"@type\":\"EntryPoint\",\"urlTemplate\":\"https:\/\/mavisiteenfrance.com\/?s={search_term_string}\"},\"query-input\":\"required name=search_term_string\"}],\"inLanguage\":\"fr-FR\"},{\"@type\":\"Person\",\"@id\":\"https:\/\/mavisiteenfrance.com\/#\/schema\/person\/b6a3c941e23f14cb37e924e8335f04c4\",\"name\":\"admin\",\"image\":{\"@type\":\"ImageObject\",\"inLanguage\":\"fr-FR\",\"@id\":\"https:\/\/mavisiteenfrance.com\/#\/schema\/person\/image\/\",\"url\":\"https:\/\/secure.gravatar.com\/avatar\/ebd3faec6905ca75bc72e3855d8596480f5f3ea28e20f40025560f410c2e639b?s=96&d=mm&r=g\",\"contentUrl\":\"https:\/\/secure.gravatar.com\/avatar\/ebd3faec6905ca75bc72e3855d8596480f5f3ea28e20f40025560f410c2e639b?s=96&d=mm&r=g\",\"caption\":\"admin\"},\"sameAs\":[\"https:\/\/mavisiteenfrance.com\"],\"url\":\"https:\/\/mavisiteenfrance.com\/index.php\/author\/admin\/\"}]}<\/script>\n<!-- \/ Yoast SEO plugin. -->","yoast_head_json":{"title":"Toulon - Galerie d'Art Associative - Ma Visite en France","description":"D\u00e9couvrez les \u0153uvres de nombreux artistes \u00e0 la galerie d'art associative de Toulon.","robots":{"index":"index","follow":"follow","max-snippet":"max-snippet:-1","max-image-preview":"max-image-preview:large","max-video-preview":"max-video-preview:-1"},"canonical":"https:\/\/mavisiteenfrance.com\/index.php\/toulon-galerie-dart-associative\/","og_locale":"fr_FR","og_type":"article","og_title":"Toulon - Galerie d'Art Associative - Ma Visite en France","og_description":"D\u00e9couvrez les \u0153uvres de nombreux artistes \u00e0 la galerie d'art associative de Toulon.","og_url":"https:\/\/mavisiteenfrance.com\/index.php\/toulon-galerie-dart-associative\/","og_site_name":"Ma Visite en France","article_published_time":"2021-03-08T13:04:03+00:00","article_modified_time":"2026-03-31T15:01:18+00:00","og_image":[{"width":550,"height":380,"url":"https:\/\/mavisiteenfrance.com\/wp-content\/uploads\/2021\/03\/Toulon-Galerie-dArt-Associative.png","type":"image\/png"}],"author":"admin","twitter_card":"summary_large_image","twitter_misc":{"\u00c9crit par":"admin","Dur\u00e9e de lecture estim\u00e9e":"2 minutes"},"schema":{"@context":"https:\/\/schema.org","@graph":[{"@type":"WebPage","@id":"https:\/\/mavisiteenfrance.com\/index.php\/toulon-galerie-dart-associative\/","url":"https:\/\/mavisiteenfrance.com\/index.php\/toulon-galerie-dart-associative\/","name":"Toulon - Galerie d'Art Associative - Ma Visite en France","isPartOf":{"@id":"https:\/\/mavisiteenfrance.com\/#website"},"datePublished":"2021-03-08T13:04:03+00:00","dateModified":"2026-03-31T15:01:18+00:00","author":{"@id":"https:\/\/mavisiteenfrance.com\/#\/schema\/person\/b6a3c941e23f14cb37e924e8335f04c4"},"description":"D\u00e9couvrez les \u0153uvres de nombreux artistes \u00e0 la galerie d'art associative de Toulon.","breadcrumb":{"@id":"https:\/\/mavisiteenfrance.com\/index.php\/toulon-galerie-dart-associative\/#breadcrumb"},"inLanguage":"fr-FR","potentialAction":[{"@type":"ReadAction","target":["https:\/\/mavisiteenfrance.com\/index.php\/toulon-galerie-dart-associative\/"]}]},{"@type":"BreadcrumbList","@id":"https:\/\/mavisiteenfrance.com\/index.php\/toulon-galerie-dart-associative\/#breadcrumb","itemListElement":[{"@type":"ListItem","position":1,"name":"Accueil","item":"https:\/\/mavisiteenfrance.com\/"},{"@type":"ListItem","position":2,"name":"Toulon &#8211; Galerie d&rsquo;Art Associative"}]},{"@type":"WebSite","@id":"https:\/\/mavisiteenfrance.com\/#website","url":"https:\/\/mavisiteenfrance.com\/","name":"Ma Visite en France","description":"Exp\u00e9riences insolites","potentialAction":[{"@type":"SearchAction","target":{"@type":"EntryPoint","urlTemplate":"https:\/\/mavisiteenfrance.com\/?s={search_term_string}"},"query-input":"required name=search_term_string"}],"inLanguage":"fr-FR"},{"@type":"Person","@id":"https:\/\/mavisiteenfrance.com\/#\/schema\/person\/b6a3c941e23f14cb37e924e8335f04c4","name":"admin","image":{"@type":"ImageObject","inLanguage":"fr-FR","@id":"https:\/\/mavisiteenfrance.com\/#\/schema\/person\/image\/","url":"https:\/\/secure.gravatar.com\/avatar\/ebd3faec6905ca75bc72e3855d8596480f5f3ea28e20f40025560f410c2e639b?s=96&d=mm&r=g","contentUrl":"https:\/\/secure.gravatar.com\/avatar\/ebd3faec6905ca75bc72e3855d8596480f5f3ea28e20f40025560f410c2e639b?s=96&d=mm&r=g","caption":"admin"},"sameAs":["https:\/\/mavisiteenfrance.com"],"url":"https:\/\/mavisiteenfrance.com\/index.php\/author\/admin\/"}]}},"_links":{"self":[{"href":"https:\/\/mavisiteenfrance.com\/index.php\/wp-json\/wp\/v2\/posts\/1670","targetHints":{"allow":["GET"]}}],"collection":[{"href":"https:\/\/mavisiteenfrance.com\/index.php\/wp-json\/wp\/v2\/posts"}],"about":[{"href":"https:\/\/mavisiteenfrance.com\/index.php\/wp-json\/wp\/v2\/types\/post"}],"author":[{"embeddable":true,"href":"https:\/\/mavisiteenfrance.com\/index.php\/wp-json\/wp\/v2\/users\/1"}],"replies":[{"embeddable":true,"href":"https:\/\/mavisiteenfrance.com\/index.php\/wp-json\/wp\/v2\/comments?post=1670"}],"version-history":[{"count":1,"href":"https:\/\/mavisiteenfrance.com\/index.php\/wp-json\/wp\/v2\/posts\/1670\/revisions"}],"predecessor-version":[{"id":1672,"href":"https:\/\/mavisiteenfrance.com\/index.php\/wp-json\/wp\/v2\/posts\/1670\/revisions\/1672"}],"wp:featuredmedia":[{"embeddable":true,"href":"https:\/\/mavisiteenfrance.com\/index.php\/wp-json\/wp\/v2\/media\/1671"}],"wp:attachment":[{"href":"https:\/\/mavisiteenfrance.com\/index.php\/wp-json\/wp\/v2\/media?parent=1670"}],"wp:term":[{"taxonomy":"category","embeddable":true,"href":"https:\/\/mavisiteenfrance.com\/index.php\/wp-json\/wp\/v2\/categories?post=1670"},{"taxonomy":"post_tag","embeddable":true,"href":"https:\/\/mavisiteenfrance.com\/index.php\/wp-json\/wp\/v2\/tags?post=1670"}],"curies":[{"name":"wp","href":"https:\/\/api.w.org\/{rel}","templated":true}]}}