{"id":1693,"date":"2021-03-08T13:44:26","date_gmt":"2021-03-08T13:44:26","guid":{"rendered":"https:\/\/mavisiteenfrance.com\/?p=1693"},"modified":"2026-03-31T15:01:16","modified_gmt":"2026-03-31T15:01:16","slug":"saint-martin-du-vieux-belleme-belleme-attelages-association","status":"publish","type":"post","link":"https:\/\/mavisiteenfrance.com\/index.php\/saint-martin-du-vieux-belleme-belleme-attelages-association\/","title":{"rendered":"Saint-Martin-du-Vieux-Bell\u00eame &#8211; Belleme Attelages Association"},"content":{"rendered":"\n<figure class=\"wp-block-image size-large is-resized\"><img loading=\"lazy\" decoding=\"async\" src=\"https:\/\/mavisiteenfrance.com\/wp-content\/uploads\/2021\/03\/Belleme-Attelages-Association-1.png\" alt=\"\" class=\"wp-image-1694\" width=\"416\" height=\"287\"\/><\/figure>\n\n\n\n<p>PR\u00c9SENTATION<br>Balade au coeur du Parc naturel r\u00e9gional du Perche, en attelage avec une voitures hippomobile contemporaine ou d&rsquo;\u00e9poque attel\u00e9e \u00e0 1 ou 2 Percherons, avec 1 meneur et 1 co\u00e9quipier, \u00e0 la d\u00e9couverte comment\u00e9e de Bell\u00eame et de ses environs.<br>Venez b\u00e9n\u00e9ficier et faites profiter vos proches d&rsquo;une balade au rythme tranquille du pas des chevaux de trait, Percherons, dans un environnement naturel.<br>1 heure avant le d\u00e9part de la balade, les passagers peuvent assister ou participer au pansage, garnissage et mise \u00e0 la voiture des chevaux.<br><\/p>\n\n\n\n<p>INFOS PRATIQUES<br>> OUVERTURE du 15\/03\/2021 au 30\/12\/2021. Sur r\u00e9servation pr\u00e9alable 24h auparavant, tous les jours de 9h \u00e0 12h et 14h \u00e0 18h<br><\/p>\n\n\n\n<p>TARIFS<br>Tarif de base 25,00\u20ac \u00e0 45,00\u20ac<br>\u00c0 partir de, par passager, pour 1 dur\u00e9e de 1h30 avec 1 cheval en voiture loisirs randonn\u00e9es<br>Tarif Enfant 12,50\u20ac \u00e0 22,50\u20ac jusqu&rsquo;\u00e0 16 ans<br>\u00c0 partir de, par enfant, pour 1 dur\u00e9e de 1h30 avec un cheval en voiture loisirs randonn\u00e9es<br>Gratuit<br>Enfant de \u2013 de 6 ans accompagn\u00e9s de 2 adultes<br>> MOYENS DE PAIEMENT ACCEPT\u00c9S<br>Ch\u00e8ques bancaires et postaux<br>Esp\u00e8ces<\/p>\n\n\n\n<p>La Maladrerie, 61130, Saint Martin Du vieux Belleme<br>bellemeattelages61@orange.fr<br>Tel. : 06 64 75 28 54<br><a href=\"https:\/\/gerardbeaute.wixsite.com\/percherons\" target=\"_blank\" rel=\"noreferrer noopener\">https:\/\/gerardbeaute.wixsite.com\/percherons<\/a><\/p>\n\n\n\n<div class=\"wp-block-buttons is-layout-flex wp-block-buttons-is-layout-flex\">\n<div class=\"wp-block-button\"><a class=\"wp-block-button__link has-vivid-cyan-blue-background-color has-background\" href=\"https:\/\/gerardbeaute.wixsite.com\/percherons\" target=\"_blank\" rel=\"noreferrer noopener\"><span class=\"has-inline-color has-white-color\">Je d\u00e9couvre l&rsquo;activit\u00e9<\/span><\/a><\/div>\n<\/div>\n\n\n","protected":false},"excerpt":{"rendered":"<p>PR\u00c9SENTATIONBalade au coeur du Parc naturel r\u00e9gional du Perche, en attelage avec une voitures hippomobile contemporaine ou d&rsquo;\u00e9poque attel\u00e9e \u00e0 1 ou 2 Percherons, avec 1 meneur et 1 co\u00e9quipier, \u00e0 la d\u00e9couverte comment\u00e9e de Bell\u00eame et de ses environs.Venez b\u00e9n\u00e9ficier et faites profiter vos proches d&rsquo;une balade au rythme tranquille du pas des chevaux [&hellip;]<\/p>\n","protected":false},"author":1,"featured_media":1694,"comment_status":"closed","ping_status":"closed","sticky":false,"template":"","format":"standard","meta":{"footnotes":""},"categories":[42],"tags":[],"class_list":["post-1693","post","type-post","status-publish","format-standard","has-post-thumbnail","hentry","category-activites-insolites-region-de-caen"],"yoast_head":"<!-- This site is optimized with the Yoast SEO plugin v19.6.1 - https:\/\/yoast.com\/wordpress\/plugins\/seo\/ -->\n<title>Saint-Martin-du-Vieux-Bell\u00eame - Belleme Attelages Association - Ma Visite en France<\/title>\n<meta name=\"description\" content=\"D\u00e9couvrez Parc naturel r\u00e9gional du Perche le temps d&#039;une balade en cal\u00e8che.\" \/>\n<meta name=\"robots\" content=\"index, follow, max-snippet:-1, max-image-preview:large, max-video-preview:-1\" \/>\n<link rel=\"canonical\" href=\"https:\/\/mavisiteenfrance.com\/index.php\/saint-martin-du-vieux-belleme-belleme-attelages-association\/\" \/>\n<meta property=\"og:locale\" content=\"fr_FR\" \/>\n<meta property=\"og:type\" content=\"article\" \/>\n<meta property=\"og:title\" content=\"Saint-Martin-du-Vieux-Bell\u00eame - Belleme Attelages Association - Ma Visite en France\" \/>\n<meta property=\"og:description\" content=\"D\u00e9couvrez Parc naturel r\u00e9gional du Perche le temps d&#039;une balade en cal\u00e8che.\" \/>\n<meta property=\"og:url\" content=\"https:\/\/mavisiteenfrance.com\/index.php\/saint-martin-du-vieux-belleme-belleme-attelages-association\/\" \/>\n<meta property=\"og:site_name\" content=\"Ma Visite en France\" \/>\n<meta property=\"article:published_time\" content=\"2021-03-08T13:44:26+00:00\" \/>\n<meta property=\"article:modified_time\" content=\"2026-03-31T15:01:16+00:00\" \/>\n<meta property=\"og:image\" content=\"https:\/\/mavisiteenfrance.com\/wp-content\/uploads\/2021\/03\/Belleme-Attelages-Association-1.png\" \/>\n\t<meta property=\"og:image:width\" content=\"550\" \/>\n\t<meta property=\"og:image:height\" content=\"380\" \/>\n\t<meta property=\"og:image:type\" content=\"image\/png\" \/>\n<meta name=\"author\" content=\"admin\" \/>\n<meta name=\"twitter:card\" content=\"summary_large_image\" \/>\n<meta name=\"twitter:label1\" content=\"\u00c9crit par\" \/>\n\t<meta name=\"twitter:data1\" content=\"admin\" \/>\n\t<meta name=\"twitter:label2\" content=\"Dur\u00e9e de lecture estim\u00e9e\" \/>\n\t<meta name=\"twitter:data2\" content=\"2 minutes\" \/>\n<script type=\"application\/ld+json\" class=\"yoast-schema-graph\">{\"@context\":\"https:\/\/schema.org\",\"@graph\":[{\"@type\":\"WebPage\",\"@id\":\"https:\/\/mavisiteenfrance.com\/index.php\/saint-martin-du-vieux-belleme-belleme-attelages-association\/\",\"url\":\"https:\/\/mavisiteenfrance.com\/index.php\/saint-martin-du-vieux-belleme-belleme-attelages-association\/\",\"name\":\"Saint-Martin-du-Vieux-Bell\u00eame - Belleme Attelages Association - Ma Visite en France\",\"isPartOf\":{\"@id\":\"https:\/\/mavisiteenfrance.com\/#website\"},\"datePublished\":\"2021-03-08T13:44:26+00:00\",\"dateModified\":\"2026-03-31T15:01:16+00:00\",\"author\":{\"@id\":\"https:\/\/mavisiteenfrance.com\/#\/schema\/person\/b6a3c941e23f14cb37e924e8335f04c4\"},\"description\":\"D\u00e9couvrez Parc naturel r\u00e9gional du Perche le temps d'une balade en cal\u00e8che.\",\"breadcrumb\":{\"@id\":\"https:\/\/mavisiteenfrance.com\/index.php\/saint-martin-du-vieux-belleme-belleme-attelages-association\/#breadcrumb\"},\"inLanguage\":\"fr-FR\",\"potentialAction\":[{\"@type\":\"ReadAction\",\"target\":[\"https:\/\/mavisiteenfrance.com\/index.php\/saint-martin-du-vieux-belleme-belleme-attelages-association\/\"]}]},{\"@type\":\"BreadcrumbList\",\"@id\":\"https:\/\/mavisiteenfrance.com\/index.php\/saint-martin-du-vieux-belleme-belleme-attelages-association\/#breadcrumb\",\"itemListElement\":[{\"@type\":\"ListItem\",\"position\":1,\"name\":\"Accueil\",\"item\":\"https:\/\/mavisiteenfrance.com\/\"},{\"@type\":\"ListItem\",\"position\":2,\"name\":\"Saint-Martin-du-Vieux-Bell\u00eame &#8211; Belleme Attelages Association\"}]},{\"@type\":\"WebSite\",\"@id\":\"https:\/\/mavisiteenfrance.com\/#website\",\"url\":\"https:\/\/mavisiteenfrance.com\/\",\"name\":\"Ma Visite en France\",\"description\":\"Exp\u00e9riences insolites\",\"potentialAction\":[{\"@type\":\"SearchAction\",\"target\":{\"@type\":\"EntryPoint\",\"urlTemplate\":\"https:\/\/mavisiteenfrance.com\/?s={search_term_string}\"},\"query-input\":\"required name=search_term_string\"}],\"inLanguage\":\"fr-FR\"},{\"@type\":\"Person\",\"@id\":\"https:\/\/mavisiteenfrance.com\/#\/schema\/person\/b6a3c941e23f14cb37e924e8335f04c4\",\"name\":\"admin\",\"image\":{\"@type\":\"ImageObject\",\"inLanguage\":\"fr-FR\",\"@id\":\"https:\/\/mavisiteenfrance.com\/#\/schema\/person\/image\/\",\"url\":\"https:\/\/secure.gravatar.com\/avatar\/ebd3faec6905ca75bc72e3855d8596480f5f3ea28e20f40025560f410c2e639b?s=96&d=mm&r=g\",\"contentUrl\":\"https:\/\/secure.gravatar.com\/avatar\/ebd3faec6905ca75bc72e3855d8596480f5f3ea28e20f40025560f410c2e639b?s=96&d=mm&r=g\",\"caption\":\"admin\"},\"sameAs\":[\"https:\/\/mavisiteenfrance.com\"],\"url\":\"https:\/\/mavisiteenfrance.com\/index.php\/author\/admin\/\"}]}<\/script>\n<!-- \/ Yoast SEO plugin. -->","yoast_head_json":{"title":"Saint-Martin-du-Vieux-Bell\u00eame - Belleme Attelages Association - Ma Visite en France","description":"D\u00e9couvrez Parc naturel r\u00e9gional du Perche le temps d'une balade en cal\u00e8che.","robots":{"index":"index","follow":"follow","max-snippet":"max-snippet:-1","max-image-preview":"max-image-preview:large","max-video-preview":"max-video-preview:-1"},"canonical":"https:\/\/mavisiteenfrance.com\/index.php\/saint-martin-du-vieux-belleme-belleme-attelages-association\/","og_locale":"fr_FR","og_type":"article","og_title":"Saint-Martin-du-Vieux-Bell\u00eame - Belleme Attelages Association - Ma Visite en France","og_description":"D\u00e9couvrez Parc naturel r\u00e9gional du Perche le temps d'une balade en cal\u00e8che.","og_url":"https:\/\/mavisiteenfrance.com\/index.php\/saint-martin-du-vieux-belleme-belleme-attelages-association\/","og_site_name":"Ma Visite en France","article_published_time":"2021-03-08T13:44:26+00:00","article_modified_time":"2026-03-31T15:01:16+00:00","og_image":[{"width":550,"height":380,"url":"https:\/\/mavisiteenfrance.com\/wp-content\/uploads\/2021\/03\/Belleme-Attelages-Association-1.png","type":"image\/png"}],"author":"admin","twitter_card":"summary_large_image","twitter_misc":{"\u00c9crit par":"admin","Dur\u00e9e de lecture estim\u00e9e":"2 minutes"},"schema":{"@context":"https:\/\/schema.org","@graph":[{"@type":"WebPage","@id":"https:\/\/mavisiteenfrance.com\/index.php\/saint-martin-du-vieux-belleme-belleme-attelages-association\/","url":"https:\/\/mavisiteenfrance.com\/index.php\/saint-martin-du-vieux-belleme-belleme-attelages-association\/","name":"Saint-Martin-du-Vieux-Bell\u00eame - Belleme Attelages Association - Ma Visite en France","isPartOf":{"@id":"https:\/\/mavisiteenfrance.com\/#website"},"datePublished":"2021-03-08T13:44:26+00:00","dateModified":"2026-03-31T15:01:16+00:00","author":{"@id":"https:\/\/mavisiteenfrance.com\/#\/schema\/person\/b6a3c941e23f14cb37e924e8335f04c4"},"description":"D\u00e9couvrez Parc naturel r\u00e9gional du Perche le temps d'une balade en cal\u00e8che.","breadcrumb":{"@id":"https:\/\/mavisiteenfrance.com\/index.php\/saint-martin-du-vieux-belleme-belleme-attelages-association\/#breadcrumb"},"inLanguage":"fr-FR","potentialAction":[{"@type":"ReadAction","target":["https:\/\/mavisiteenfrance.com\/index.php\/saint-martin-du-vieux-belleme-belleme-attelages-association\/"]}]},{"@type":"BreadcrumbList","@id":"https:\/\/mavisiteenfrance.com\/index.php\/saint-martin-du-vieux-belleme-belleme-attelages-association\/#breadcrumb","itemListElement":[{"@type":"ListItem","position":1,"name":"Accueil","item":"https:\/\/mavisiteenfrance.com\/"},{"@type":"ListItem","position":2,"name":"Saint-Martin-du-Vieux-Bell\u00eame &#8211; Belleme Attelages Association"}]},{"@type":"WebSite","@id":"https:\/\/mavisiteenfrance.com\/#website","url":"https:\/\/mavisiteenfrance.com\/","name":"Ma Visite en France","description":"Exp\u00e9riences insolites","potentialAction":[{"@type":"SearchAction","target":{"@type":"EntryPoint","urlTemplate":"https:\/\/mavisiteenfrance.com\/?s={search_term_string}"},"query-input":"required name=search_term_string"}],"inLanguage":"fr-FR"},{"@type":"Person","@id":"https:\/\/mavisiteenfrance.com\/#\/schema\/person\/b6a3c941e23f14cb37e924e8335f04c4","name":"admin","image":{"@type":"ImageObject","inLanguage":"fr-FR","@id":"https:\/\/mavisiteenfrance.com\/#\/schema\/person\/image\/","url":"https:\/\/secure.gravatar.com\/avatar\/ebd3faec6905ca75bc72e3855d8596480f5f3ea28e20f40025560f410c2e639b?s=96&d=mm&r=g","contentUrl":"https:\/\/secure.gravatar.com\/avatar\/ebd3faec6905ca75bc72e3855d8596480f5f3ea28e20f40025560f410c2e639b?s=96&d=mm&r=g","caption":"admin"},"sameAs":["https:\/\/mavisiteenfrance.com"],"url":"https:\/\/mavisiteenfrance.com\/index.php\/author\/admin\/"}]}},"_links":{"self":[{"href":"https:\/\/mavisiteenfrance.com\/index.php\/wp-json\/wp\/v2\/posts\/1693","targetHints":{"allow":["GET"]}}],"collection":[{"href":"https:\/\/mavisiteenfrance.com\/index.php\/wp-json\/wp\/v2\/posts"}],"about":[{"href":"https:\/\/mavisiteenfrance.com\/index.php\/wp-json\/wp\/v2\/types\/post"}],"author":[{"embeddable":true,"href":"https:\/\/mavisiteenfrance.com\/index.php\/wp-json\/wp\/v2\/users\/1"}],"replies":[{"embeddable":true,"href":"https:\/\/mavisiteenfrance.com\/index.php\/wp-json\/wp\/v2\/comments?post=1693"}],"version-history":[{"count":1,"href":"https:\/\/mavisiteenfrance.com\/index.php\/wp-json\/wp\/v2\/posts\/1693\/revisions"}],"predecessor-version":[{"id":1695,"href":"https:\/\/mavisiteenfrance.com\/index.php\/wp-json\/wp\/v2\/posts\/1693\/revisions\/1695"}],"wp:featuredmedia":[{"embeddable":true,"href":"https:\/\/mavisiteenfrance.com\/index.php\/wp-json\/wp\/v2\/media\/1694"}],"wp:attachment":[{"href":"https:\/\/mavisiteenfrance.com\/index.php\/wp-json\/wp\/v2\/media?parent=1693"}],"wp:term":[{"taxonomy":"category","embeddable":true,"href":"https:\/\/mavisiteenfrance.com\/index.php\/wp-json\/wp\/v2\/categories?post=1693"},{"taxonomy":"post_tag","embeddable":true,"href":"https:\/\/mavisiteenfrance.com\/index.php\/wp-json\/wp\/v2\/tags?post=1693"}],"curies":[{"name":"wp","href":"https:\/\/api.w.org\/{rel}","templated":true}]}}