{"id":1919,"date":"2021-03-11T10:33:40","date_gmt":"2021-03-11T10:33:40","guid":{"rendered":"https:\/\/mavisiteenfrance.com\/?p=1919"},"modified":"2021-03-11T10:56:56","modified_gmt":"2021-03-11T10:56:56","slug":"saint-jean-cap-ferrat-ferus-gallery","status":"publish","type":"post","link":"https:\/\/mavisiteenfrance.com\/index.php\/saint-jean-cap-ferrat-ferus-gallery\/","title":{"rendered":"Saint-Jean-Cap-Ferrat &#8211; Ferus Gallery"},"content":{"rendered":"\n<figure class=\"wp-block-image size-large is-resized\"><img loading=\"lazy\" decoding=\"async\" src=\"https:\/\/mavisiteenfrance.com\/wp-content\/uploads\/2021\/03\/PastedGraphic-11.png\" alt=\"\" class=\"wp-image-1921\" width=\"450\" height=\"145\"\/><\/figure>\n\n\n\n<p>Ferus Gallery vous accueille tous les jours sur le Port de Saint-Jean-Cap-Ferrat afin de vous faire d\u00e9couvrir une s\u00e9lection d\u2019\u0153uvres d\u2019artistes exceptionnels.<\/p>\n\n\n\n<p>Apr\u00e8s avoir \u00e9t\u00e9 Directeur de prestigieuses galeries dans le monde&nbsp;; \u00e0 Paris, puis \u00e0 New York, Londres et pour finir Monaco, Didier Viltart a fait le choix de s\u2019installer en 2017 au c\u0153ur de ce lieu unique au monde qu\u2019est Saint-Jean-Cap-Ferrat.<\/p>\n\n\n\n<p>Le Cap Ferrat (que les romains appelaient Cap Ferus, o\u00f9 le cap sauvage) est le lieu de r\u00e9sidence et de vill\u00e9giature d\u2019amateurs et de collectionneurs \u00e9clair\u00e9s du monde entier.<\/p>\n\n\n\n<p>Ici, plus de 500 Villas, baign\u00e9es par les eaux de la m\u00e9diterran\u00e9e, offrent dans un cadre idyllique et une ambiance qui rappelle les saveurs de la <em>Dolce vita<\/em> un merveilleux \u00e9crin pour les oeuvres d\u2019Art.<\/p>\n\n\n\n<p>La Terrasse de la galerie sur le vieux Port permet toute l\u2019ann\u00e9e de pr\u00e9senter des sculptures monumentales de Philippe Hiquily, Marino Di Teana, Claude Gilli.<\/p>\n\n\n\n<p>La galerie pr\u00e9sente \u00e9galement un large choix de photographies de Terry O\u2019Neill, Douglas Kirkland et Norman Parkinson.<\/p>\n\n\n\n<p>Chaque \u00e9t\u00e9 Ferus Gallery organise une exposition, cette ann\u00e9e avec Alain Rodier et sa nouvelle s\u00e9rie de tableaux \u00ab&nbsp;Once Upon a Time \u00ab&nbsp;qui revisite la m\u00e9moire iconographique des cinquantes derni\u00e8res ann\u00e9es, dans un style qui puise son inspiration dans le mouvement Nouveau R\u00e9aliste<\/p>\n\n\n\n<p>Ferus Gallery est \u00e9galement associ\u00e9 avec une grande galerie parisienne afin de pouvoir offrir aux nouveaux collectionneurs des \u00e9ditions d\u2019assiettes de C\u00e9sar, d\u2019Arman et de Ben, des petites oeuvres de l\u2019artiste chinois Li Hihong et des \u00e9ditions de Claude Gilli et Philippe Druillet.<\/p>\n\n\n\n<p>Last but not least, Ferus Gallery est heureux de d\u00e9fendre depuis son ouverture le travail du talentueux peintre et sculpteur \u00ab&nbsp;Local&nbsp;\u00bb, J\u00e9r\u00e9my Taburchi.<\/p>\n\n\n\n<p>FERUS GALLERY<br>Port de Plaisance<br>06230 Saint-Jean-Cap-Ferrat<br>ferusgallery06@gmail.com<br>Tel. : 06 15 48 61 66<br><a href=\"http:\/\/www.ferus-gallery.com\/\" target=\"_blank\" rel=\"noreferrer noopener\">www.ferus-gallery.com<\/a><\/p>\n\n\n\n<div class=\"wp-block-buttons is-layout-flex wp-block-buttons-is-layout-flex\">\n<div class=\"wp-block-button\"><a class=\"wp-block-button__link has-vivid-cyan-blue-background-color has-background\" href=\"https:\/\/www.ferus-gallery.com\/\" target=\"_blank\" rel=\"noreferrer noopener\"><span class=\"has-inline-color has-white-color\">Je d\u00e9couvre l&rsquo;activit\u00e9<\/span><\/a><\/div>\n<\/div>\n\n\n","protected":false},"excerpt":{"rendered":"<p>Ferus Gallery vous accueille tous les jours sur le Port de Saint-Jean-Cap-Ferrat afin de vous faire d\u00e9couvrir une s\u00e9lection d\u2019\u0153uvres d\u2019artistes exceptionnels. Apr\u00e8s avoir \u00e9t\u00e9 Directeur de prestigieuses galeries dans le monde&nbsp;; \u00e0 Paris, puis \u00e0 New York, Londres et pour finir Monaco, Didier Viltart a fait le choix de s\u2019installer en 2017 au c\u0153ur [&hellip;]<\/p>\n","protected":false},"author":1,"featured_media":1920,"comment_status":"closed","ping_status":"closed","sticky":false,"template":"","format":"standard","meta":{"footnotes":""},"categories":[19],"tags":[],"class_list":["post-1919","post","type-post","status-publish","format-standard","has-post-thumbnail","hentry","category-activites-insolites-region-de-nice"],"yoast_head":"<!-- This site is optimized with the Yoast SEO plugin v19.6.1 - https:\/\/yoast.com\/wordpress\/plugins\/seo\/ -->\n<title>Saint-Jean-Cap-Ferrat - Ferus Gallery - Ma Visite en France<\/title>\n<meta name=\"description\" content=\"D\u00e9couverte de la Galerie Ferrus Gallery.\" \/>\n<meta name=\"robots\" content=\"index, follow, max-snippet:-1, max-image-preview:large, max-video-preview:-1\" \/>\n<link rel=\"canonical\" href=\"https:\/\/mavisiteenfrance.com\/index.php\/saint-jean-cap-ferrat-ferus-gallery\/\" \/>\n<meta property=\"og:locale\" content=\"fr_FR\" \/>\n<meta property=\"og:type\" content=\"article\" \/>\n<meta property=\"og:title\" content=\"Saint-Jean-Cap-Ferrat - Ferus Gallery - Ma Visite en France\" \/>\n<meta property=\"og:description\" content=\"D\u00e9couverte de la Galerie Ferrus Gallery.\" \/>\n<meta property=\"og:url\" content=\"https:\/\/mavisiteenfrance.com\/index.php\/saint-jean-cap-ferrat-ferus-gallery\/\" \/>\n<meta property=\"og:site_name\" content=\"Ma Visite en France\" \/>\n<meta property=\"article:published_time\" content=\"2021-03-11T10:33:40+00:00\" \/>\n<meta property=\"article:modified_time\" content=\"2021-03-11T10:56:56+00:00\" \/>\n<meta property=\"og:image\" content=\"https:\/\/mavisiteenfrance.com\/wp-content\/uploads\/2021\/03\/Ferus-Gallery.png\" \/>\n\t<meta property=\"og:image:width\" content=\"550\" \/>\n\t<meta property=\"og:image:height\" content=\"380\" \/>\n\t<meta property=\"og:image:type\" content=\"image\/png\" \/>\n<meta name=\"author\" content=\"admin\" \/>\n<meta name=\"twitter:card\" content=\"summary_large_image\" \/>\n<meta name=\"twitter:label1\" content=\"\u00c9crit par\" \/>\n\t<meta name=\"twitter:data1\" content=\"admin\" \/>\n\t<meta name=\"twitter:label2\" content=\"Dur\u00e9e de lecture estim\u00e9e\" \/>\n\t<meta name=\"twitter:data2\" content=\"2 minutes\" \/>\n<script type=\"application\/ld+json\" class=\"yoast-schema-graph\">{\"@context\":\"https:\/\/schema.org\",\"@graph\":[{\"@type\":\"WebPage\",\"@id\":\"https:\/\/mavisiteenfrance.com\/index.php\/saint-jean-cap-ferrat-ferus-gallery\/\",\"url\":\"https:\/\/mavisiteenfrance.com\/index.php\/saint-jean-cap-ferrat-ferus-gallery\/\",\"name\":\"Saint-Jean-Cap-Ferrat - Ferus Gallery - Ma Visite en France\",\"isPartOf\":{\"@id\":\"https:\/\/mavisiteenfrance.com\/#website\"},\"datePublished\":\"2021-03-11T10:33:40+00:00\",\"dateModified\":\"2021-03-11T10:56:56+00:00\",\"author\":{\"@id\":\"https:\/\/mavisiteenfrance.com\/#\/schema\/person\/b6a3c941e23f14cb37e924e8335f04c4\"},\"description\":\"D\u00e9couverte de la Galerie Ferrus Gallery.\",\"breadcrumb\":{\"@id\":\"https:\/\/mavisiteenfrance.com\/index.php\/saint-jean-cap-ferrat-ferus-gallery\/#breadcrumb\"},\"inLanguage\":\"fr-FR\",\"potentialAction\":[{\"@type\":\"ReadAction\",\"target\":[\"https:\/\/mavisiteenfrance.com\/index.php\/saint-jean-cap-ferrat-ferus-gallery\/\"]}]},{\"@type\":\"BreadcrumbList\",\"@id\":\"https:\/\/mavisiteenfrance.com\/index.php\/saint-jean-cap-ferrat-ferus-gallery\/#breadcrumb\",\"itemListElement\":[{\"@type\":\"ListItem\",\"position\":1,\"name\":\"Accueil\",\"item\":\"https:\/\/mavisiteenfrance.com\/\"},{\"@type\":\"ListItem\",\"position\":2,\"name\":\"Saint-Jean-Cap-Ferrat &#8211; Ferus Gallery\"}]},{\"@type\":\"WebSite\",\"@id\":\"https:\/\/mavisiteenfrance.com\/#website\",\"url\":\"https:\/\/mavisiteenfrance.com\/\",\"name\":\"Ma Visite en France\",\"description\":\"Exp\u00e9riences insolites\",\"potentialAction\":[{\"@type\":\"SearchAction\",\"target\":{\"@type\":\"EntryPoint\",\"urlTemplate\":\"https:\/\/mavisiteenfrance.com\/?s={search_term_string}\"},\"query-input\":\"required name=search_term_string\"}],\"inLanguage\":\"fr-FR\"},{\"@type\":\"Person\",\"@id\":\"https:\/\/mavisiteenfrance.com\/#\/schema\/person\/b6a3c941e23f14cb37e924e8335f04c4\",\"name\":\"admin\",\"image\":{\"@type\":\"ImageObject\",\"inLanguage\":\"fr-FR\",\"@id\":\"https:\/\/mavisiteenfrance.com\/#\/schema\/person\/image\/\",\"url\":\"https:\/\/secure.gravatar.com\/avatar\/ebd3faec6905ca75bc72e3855d8596480f5f3ea28e20f40025560f410c2e639b?s=96&d=mm&r=g\",\"contentUrl\":\"https:\/\/secure.gravatar.com\/avatar\/ebd3faec6905ca75bc72e3855d8596480f5f3ea28e20f40025560f410c2e639b?s=96&d=mm&r=g\",\"caption\":\"admin\"},\"sameAs\":[\"https:\/\/mavisiteenfrance.com\"],\"url\":\"https:\/\/mavisiteenfrance.com\/index.php\/author\/admin\/\"}]}<\/script>\n<!-- \/ Yoast SEO plugin. -->","yoast_head_json":{"title":"Saint-Jean-Cap-Ferrat - Ferus Gallery - Ma Visite en France","description":"D\u00e9couverte de la Galerie Ferrus Gallery.","robots":{"index":"index","follow":"follow","max-snippet":"max-snippet:-1","max-image-preview":"max-image-preview:large","max-video-preview":"max-video-preview:-1"},"canonical":"https:\/\/mavisiteenfrance.com\/index.php\/saint-jean-cap-ferrat-ferus-gallery\/","og_locale":"fr_FR","og_type":"article","og_title":"Saint-Jean-Cap-Ferrat - Ferus Gallery - Ma Visite en France","og_description":"D\u00e9couverte de la Galerie Ferrus Gallery.","og_url":"https:\/\/mavisiteenfrance.com\/index.php\/saint-jean-cap-ferrat-ferus-gallery\/","og_site_name":"Ma Visite en France","article_published_time":"2021-03-11T10:33:40+00:00","article_modified_time":"2021-03-11T10:56:56+00:00","og_image":[{"width":550,"height":380,"url":"https:\/\/mavisiteenfrance.com\/wp-content\/uploads\/2021\/03\/Ferus-Gallery.png","type":"image\/png"}],"author":"admin","twitter_card":"summary_large_image","twitter_misc":{"\u00c9crit par":"admin","Dur\u00e9e de lecture estim\u00e9e":"2 minutes"},"schema":{"@context":"https:\/\/schema.org","@graph":[{"@type":"WebPage","@id":"https:\/\/mavisiteenfrance.com\/index.php\/saint-jean-cap-ferrat-ferus-gallery\/","url":"https:\/\/mavisiteenfrance.com\/index.php\/saint-jean-cap-ferrat-ferus-gallery\/","name":"Saint-Jean-Cap-Ferrat - Ferus Gallery - Ma Visite en France","isPartOf":{"@id":"https:\/\/mavisiteenfrance.com\/#website"},"datePublished":"2021-03-11T10:33:40+00:00","dateModified":"2021-03-11T10:56:56+00:00","author":{"@id":"https:\/\/mavisiteenfrance.com\/#\/schema\/person\/b6a3c941e23f14cb37e924e8335f04c4"},"description":"D\u00e9couverte de la Galerie Ferrus Gallery.","breadcrumb":{"@id":"https:\/\/mavisiteenfrance.com\/index.php\/saint-jean-cap-ferrat-ferus-gallery\/#breadcrumb"},"inLanguage":"fr-FR","potentialAction":[{"@type":"ReadAction","target":["https:\/\/mavisiteenfrance.com\/index.php\/saint-jean-cap-ferrat-ferus-gallery\/"]}]},{"@type":"BreadcrumbList","@id":"https:\/\/mavisiteenfrance.com\/index.php\/saint-jean-cap-ferrat-ferus-gallery\/#breadcrumb","itemListElement":[{"@type":"ListItem","position":1,"name":"Accueil","item":"https:\/\/mavisiteenfrance.com\/"},{"@type":"ListItem","position":2,"name":"Saint-Jean-Cap-Ferrat &#8211; Ferus Gallery"}]},{"@type":"WebSite","@id":"https:\/\/mavisiteenfrance.com\/#website","url":"https:\/\/mavisiteenfrance.com\/","name":"Ma Visite en France","description":"Exp\u00e9riences insolites","potentialAction":[{"@type":"SearchAction","target":{"@type":"EntryPoint","urlTemplate":"https:\/\/mavisiteenfrance.com\/?s={search_term_string}"},"query-input":"required name=search_term_string"}],"inLanguage":"fr-FR"},{"@type":"Person","@id":"https:\/\/mavisiteenfrance.com\/#\/schema\/person\/b6a3c941e23f14cb37e924e8335f04c4","name":"admin","image":{"@type":"ImageObject","inLanguage":"fr-FR","@id":"https:\/\/mavisiteenfrance.com\/#\/schema\/person\/image\/","url":"https:\/\/secure.gravatar.com\/avatar\/ebd3faec6905ca75bc72e3855d8596480f5f3ea28e20f40025560f410c2e639b?s=96&d=mm&r=g","contentUrl":"https:\/\/secure.gravatar.com\/avatar\/ebd3faec6905ca75bc72e3855d8596480f5f3ea28e20f40025560f410c2e639b?s=96&d=mm&r=g","caption":"admin"},"sameAs":["https:\/\/mavisiteenfrance.com"],"url":"https:\/\/mavisiteenfrance.com\/index.php\/author\/admin\/"}]}},"_links":{"self":[{"href":"https:\/\/mavisiteenfrance.com\/index.php\/wp-json\/wp\/v2\/posts\/1919","targetHints":{"allow":["GET"]}}],"collection":[{"href":"https:\/\/mavisiteenfrance.com\/index.php\/wp-json\/wp\/v2\/posts"}],"about":[{"href":"https:\/\/mavisiteenfrance.com\/index.php\/wp-json\/wp\/v2\/types\/post"}],"author":[{"embeddable":true,"href":"https:\/\/mavisiteenfrance.com\/index.php\/wp-json\/wp\/v2\/users\/1"}],"replies":[{"embeddable":true,"href":"https:\/\/mavisiteenfrance.com\/index.php\/wp-json\/wp\/v2\/comments?post=1919"}],"version-history":[{"count":2,"href":"https:\/\/mavisiteenfrance.com\/index.php\/wp-json\/wp\/v2\/posts\/1919\/revisions"}],"predecessor-version":[{"id":1929,"href":"https:\/\/mavisiteenfrance.com\/index.php\/wp-json\/wp\/v2\/posts\/1919\/revisions\/1929"}],"wp:featuredmedia":[{"embeddable":true,"href":"https:\/\/mavisiteenfrance.com\/index.php\/wp-json\/wp\/v2\/media\/1920"}],"wp:attachment":[{"href":"https:\/\/mavisiteenfrance.com\/index.php\/wp-json\/wp\/v2\/media?parent=1919"}],"wp:term":[{"taxonomy":"category","embeddable":true,"href":"https:\/\/mavisiteenfrance.com\/index.php\/wp-json\/wp\/v2\/categories?post=1919"},{"taxonomy":"post_tag","embeddable":true,"href":"https:\/\/mavisiteenfrance.com\/index.php\/wp-json\/wp\/v2\/tags?post=1919"}],"curies":[{"name":"wp","href":"https:\/\/api.w.org\/{rel}","templated":true}]}}