{"id":2026,"date":"2021-03-16T10:30:36","date_gmt":"2021-03-16T10:30:36","guid":{"rendered":"https:\/\/mavisiteenfrance.com\/?p=2026"},"modified":"2026-03-31T14:25:00","modified_gmt":"2026-03-31T14:25:00","slug":"ally-le-pedalorail-du-grand-pays-de-salers","status":"publish","type":"post","link":"https:\/\/mavisiteenfrance.com\/index.php\/ally-le-pedalorail-du-grand-pays-de-salers\/","title":{"rendered":"Ally &#8211; Le P\u00e9dalorail du Grand Pays de Salers"},"content":{"rendered":"\n<figure class=\"wp-block-image size-large is-resized\"><img loading=\"lazy\" decoding=\"async\" src=\"https:\/\/mavisiteenfrance.com\/wp-content\/uploads\/2021\/03\/Le-Pe\u0301dalorail-du-Grand-Pays-de-Salers.png\" alt=\"\" class=\"wp-image-2027\" width=\"424\" height=\"293\"\/><\/figure>\n\n\n\n<p>Venez d\u00e9couvrir en famille ou entre amis le c\u0153ur du Pays Vert en circulant sur l&rsquo;ancienne voie ferr\u00e9e qu&#8217;empruntaient jadis les premiers Auvergnats de Paris en P\u00e9dalorail \u00e9lectrique sans effort ou en P\u00e9dalorail \u00e0 p\u00e9dales.<\/p>\n\n\n\n<p>Drignac-Gare 15700 Ally<br>olive.prat@free.fr<br>Tel. : 04 71 69 15 15<br><a href=\"http:\/\/pedalorail.com\" target=\"_blank\" rel=\"noreferrer noopener\">http:\/\/pedalorail.com<\/a><\/p>\n\n\n\n<div class=\"wp-block-buttons is-layout-flex wp-block-buttons-is-layout-flex\">\n<div class=\"wp-block-button\"><a class=\"wp-block-button__link has-vivid-cyan-blue-background-color has-background\" href=\"https:\/\/www.salers-tourisme.fr\/le-pedalorail-du-grand-pays-de-salers\" target=\"_blank\" rel=\"noreferrer noopener\"><span class=\"has-inline-color has-white-color\">Je d\u00e9couvre l&rsquo;activit\u00e9<\/span><\/a><\/div>\n<\/div>\n\n\n","protected":false},"excerpt":{"rendered":"<p>Venez d\u00e9couvrir en famille ou entre amis le c\u0153ur du Pays Vert en circulant sur l&rsquo;ancienne voie ferr\u00e9e qu&#8217;empruntaient jadis les premiers Auvergnats de Paris en P\u00e9dalorail \u00e9lectrique sans effort ou en P\u00e9dalorail \u00e0 p\u00e9dales. Drignac-Gare 15700 Allyolive.prat@free.frTel. : 04 71 69 15 15http:\/\/pedalorail.com<\/p>\n","protected":false},"author":1,"featured_media":2027,"comment_status":"open","ping_status":"open","sticky":false,"template":"","format":"standard","meta":{"footnotes":""},"categories":[28],"tags":[],"class_list":["post-2026","post","type-post","status-publish","format-standard","has-post-thumbnail","hentry","category-activites-insolites-region-de-clermont-ferrand"],"yoast_head":"<!-- This site is optimized with the Yoast SEO plugin v19.6.1 - https:\/\/yoast.com\/wordpress\/plugins\/seo\/ -->\n<title>Ally - Le P\u00e9dalorail du Grand Pays de Salers - Ma Visite en France<\/title>\n<meta name=\"description\" content=\"D\u00e9couvez le P\u00e9dalorail du Grand Pays de Salers \u00e0 Ally.\" \/>\n<meta name=\"robots\" content=\"index, follow, max-snippet:-1, max-image-preview:large, max-video-preview:-1\" \/>\n<link rel=\"canonical\" href=\"https:\/\/mavisiteenfrance.com\/index.php\/ally-le-pedalorail-du-grand-pays-de-salers\/\" \/>\n<meta property=\"og:locale\" content=\"fr_FR\" \/>\n<meta property=\"og:type\" content=\"article\" \/>\n<meta property=\"og:title\" content=\"Ally - Le P\u00e9dalorail du Grand Pays de Salers - Ma Visite en France\" \/>\n<meta property=\"og:description\" content=\"D\u00e9couvez le P\u00e9dalorail du Grand Pays de Salers \u00e0 Ally.\" \/>\n<meta property=\"og:url\" content=\"https:\/\/mavisiteenfrance.com\/index.php\/ally-le-pedalorail-du-grand-pays-de-salers\/\" \/>\n<meta property=\"og:site_name\" content=\"Ma Visite en France\" \/>\n<meta property=\"article:published_time\" content=\"2021-03-16T10:30:36+00:00\" \/>\n<meta property=\"article:modified_time\" content=\"2026-03-31T14:25:00+00:00\" \/>\n<meta property=\"og:image\" content=\"https:\/\/mavisiteenfrance.com\/wp-content\/uploads\/2021\/03\/Le-Pe\u0301dalorail-du-Grand-Pays-de-Salers.png\" \/>\n\t<meta property=\"og:image:width\" content=\"550\" \/>\n\t<meta property=\"og:image:height\" content=\"380\" \/>\n\t<meta property=\"og:image:type\" content=\"image\/png\" \/>\n<meta name=\"author\" content=\"admin\" \/>\n<meta name=\"twitter:card\" content=\"summary_large_image\" \/>\n<meta name=\"twitter:label1\" content=\"\u00c9crit par\" \/>\n\t<meta name=\"twitter:data1\" content=\"admin\" \/>\n\t<meta name=\"twitter:label2\" content=\"Dur\u00e9e de lecture estim\u00e9e\" \/>\n\t<meta name=\"twitter:data2\" content=\"1 minute\" \/>\n<script type=\"application\/ld+json\" class=\"yoast-schema-graph\">{\"@context\":\"https:\/\/schema.org\",\"@graph\":[{\"@type\":\"WebPage\",\"@id\":\"https:\/\/mavisiteenfrance.com\/index.php\/ally-le-pedalorail-du-grand-pays-de-salers\/\",\"url\":\"https:\/\/mavisiteenfrance.com\/index.php\/ally-le-pedalorail-du-grand-pays-de-salers\/\",\"name\":\"Ally - Le P\u00e9dalorail du Grand Pays de Salers - Ma Visite en France\",\"isPartOf\":{\"@id\":\"https:\/\/mavisiteenfrance.com\/#website\"},\"datePublished\":\"2021-03-16T10:30:36+00:00\",\"dateModified\":\"2026-03-31T14:25:00+00:00\",\"author\":{\"@id\":\"https:\/\/mavisiteenfrance.com\/#\/schema\/person\/b6a3c941e23f14cb37e924e8335f04c4\"},\"description\":\"D\u00e9couvez le P\u00e9dalorail du Grand Pays de Salers \u00e0 Ally.\",\"breadcrumb\":{\"@id\":\"https:\/\/mavisiteenfrance.com\/index.php\/ally-le-pedalorail-du-grand-pays-de-salers\/#breadcrumb\"},\"inLanguage\":\"fr-FR\",\"potentialAction\":[{\"@type\":\"ReadAction\",\"target\":[\"https:\/\/mavisiteenfrance.com\/index.php\/ally-le-pedalorail-du-grand-pays-de-salers\/\"]}]},{\"@type\":\"BreadcrumbList\",\"@id\":\"https:\/\/mavisiteenfrance.com\/index.php\/ally-le-pedalorail-du-grand-pays-de-salers\/#breadcrumb\",\"itemListElement\":[{\"@type\":\"ListItem\",\"position\":1,\"name\":\"Accueil\",\"item\":\"https:\/\/mavisiteenfrance.com\/\"},{\"@type\":\"ListItem\",\"position\":2,\"name\":\"Ally &#8211; Le P\u00e9dalorail du Grand Pays de Salers\"}]},{\"@type\":\"WebSite\",\"@id\":\"https:\/\/mavisiteenfrance.com\/#website\",\"url\":\"https:\/\/mavisiteenfrance.com\/\",\"name\":\"Ma Visite en France\",\"description\":\"Exp\u00e9riences insolites\",\"potentialAction\":[{\"@type\":\"SearchAction\",\"target\":{\"@type\":\"EntryPoint\",\"urlTemplate\":\"https:\/\/mavisiteenfrance.com\/?s={search_term_string}\"},\"query-input\":\"required name=search_term_string\"}],\"inLanguage\":\"fr-FR\"},{\"@type\":\"Person\",\"@id\":\"https:\/\/mavisiteenfrance.com\/#\/schema\/person\/b6a3c941e23f14cb37e924e8335f04c4\",\"name\":\"admin\",\"image\":{\"@type\":\"ImageObject\",\"inLanguage\":\"fr-FR\",\"@id\":\"https:\/\/mavisiteenfrance.com\/#\/schema\/person\/image\/\",\"url\":\"https:\/\/secure.gravatar.com\/avatar\/ebd3faec6905ca75bc72e3855d8596480f5f3ea28e20f40025560f410c2e639b?s=96&d=mm&r=g\",\"contentUrl\":\"https:\/\/secure.gravatar.com\/avatar\/ebd3faec6905ca75bc72e3855d8596480f5f3ea28e20f40025560f410c2e639b?s=96&d=mm&r=g\",\"caption\":\"admin\"},\"sameAs\":[\"https:\/\/mavisiteenfrance.com\"],\"url\":\"https:\/\/mavisiteenfrance.com\/index.php\/author\/admin\/\"}]}<\/script>\n<!-- \/ Yoast SEO plugin. -->","yoast_head_json":{"title":"Ally - Le P\u00e9dalorail du Grand Pays de Salers - Ma Visite en France","description":"D\u00e9couvez le P\u00e9dalorail du Grand Pays de Salers \u00e0 Ally.","robots":{"index":"index","follow":"follow","max-snippet":"max-snippet:-1","max-image-preview":"max-image-preview:large","max-video-preview":"max-video-preview:-1"},"canonical":"https:\/\/mavisiteenfrance.com\/index.php\/ally-le-pedalorail-du-grand-pays-de-salers\/","og_locale":"fr_FR","og_type":"article","og_title":"Ally - Le P\u00e9dalorail du Grand Pays de Salers - Ma Visite en France","og_description":"D\u00e9couvez le P\u00e9dalorail du Grand Pays de Salers \u00e0 Ally.","og_url":"https:\/\/mavisiteenfrance.com\/index.php\/ally-le-pedalorail-du-grand-pays-de-salers\/","og_site_name":"Ma Visite en France","article_published_time":"2021-03-16T10:30:36+00:00","article_modified_time":"2026-03-31T14:25:00+00:00","og_image":[{"width":550,"height":380,"url":"https:\/\/mavisiteenfrance.com\/wp-content\/uploads\/2021\/03\/Le-Pe\u0301dalorail-du-Grand-Pays-de-Salers.png","type":"image\/png"}],"author":"admin","twitter_card":"summary_large_image","twitter_misc":{"\u00c9crit par":"admin","Dur\u00e9e de lecture estim\u00e9e":"1 minute"},"schema":{"@context":"https:\/\/schema.org","@graph":[{"@type":"WebPage","@id":"https:\/\/mavisiteenfrance.com\/index.php\/ally-le-pedalorail-du-grand-pays-de-salers\/","url":"https:\/\/mavisiteenfrance.com\/index.php\/ally-le-pedalorail-du-grand-pays-de-salers\/","name":"Ally - Le P\u00e9dalorail du Grand Pays de Salers - Ma Visite en France","isPartOf":{"@id":"https:\/\/mavisiteenfrance.com\/#website"},"datePublished":"2021-03-16T10:30:36+00:00","dateModified":"2026-03-31T14:25:00+00:00","author":{"@id":"https:\/\/mavisiteenfrance.com\/#\/schema\/person\/b6a3c941e23f14cb37e924e8335f04c4"},"description":"D\u00e9couvez le P\u00e9dalorail du Grand Pays de Salers \u00e0 Ally.","breadcrumb":{"@id":"https:\/\/mavisiteenfrance.com\/index.php\/ally-le-pedalorail-du-grand-pays-de-salers\/#breadcrumb"},"inLanguage":"fr-FR","potentialAction":[{"@type":"ReadAction","target":["https:\/\/mavisiteenfrance.com\/index.php\/ally-le-pedalorail-du-grand-pays-de-salers\/"]}]},{"@type":"BreadcrumbList","@id":"https:\/\/mavisiteenfrance.com\/index.php\/ally-le-pedalorail-du-grand-pays-de-salers\/#breadcrumb","itemListElement":[{"@type":"ListItem","position":1,"name":"Accueil","item":"https:\/\/mavisiteenfrance.com\/"},{"@type":"ListItem","position":2,"name":"Ally &#8211; Le P\u00e9dalorail du Grand Pays de Salers"}]},{"@type":"WebSite","@id":"https:\/\/mavisiteenfrance.com\/#website","url":"https:\/\/mavisiteenfrance.com\/","name":"Ma Visite en France","description":"Exp\u00e9riences insolites","potentialAction":[{"@type":"SearchAction","target":{"@type":"EntryPoint","urlTemplate":"https:\/\/mavisiteenfrance.com\/?s={search_term_string}"},"query-input":"required name=search_term_string"}],"inLanguage":"fr-FR"},{"@type":"Person","@id":"https:\/\/mavisiteenfrance.com\/#\/schema\/person\/b6a3c941e23f14cb37e924e8335f04c4","name":"admin","image":{"@type":"ImageObject","inLanguage":"fr-FR","@id":"https:\/\/mavisiteenfrance.com\/#\/schema\/person\/image\/","url":"https:\/\/secure.gravatar.com\/avatar\/ebd3faec6905ca75bc72e3855d8596480f5f3ea28e20f40025560f410c2e639b?s=96&d=mm&r=g","contentUrl":"https:\/\/secure.gravatar.com\/avatar\/ebd3faec6905ca75bc72e3855d8596480f5f3ea28e20f40025560f410c2e639b?s=96&d=mm&r=g","caption":"admin"},"sameAs":["https:\/\/mavisiteenfrance.com"],"url":"https:\/\/mavisiteenfrance.com\/index.php\/author\/admin\/"}]}},"_links":{"self":[{"href":"https:\/\/mavisiteenfrance.com\/index.php\/wp-json\/wp\/v2\/posts\/2026","targetHints":{"allow":["GET"]}}],"collection":[{"href":"https:\/\/mavisiteenfrance.com\/index.php\/wp-json\/wp\/v2\/posts"}],"about":[{"href":"https:\/\/mavisiteenfrance.com\/index.php\/wp-json\/wp\/v2\/types\/post"}],"author":[{"embeddable":true,"href":"https:\/\/mavisiteenfrance.com\/index.php\/wp-json\/wp\/v2\/users\/1"}],"replies":[{"embeddable":true,"href":"https:\/\/mavisiteenfrance.com\/index.php\/wp-json\/wp\/v2\/comments?post=2026"}],"version-history":[{"count":2,"href":"https:\/\/mavisiteenfrance.com\/index.php\/wp-json\/wp\/v2\/posts\/2026\/revisions"}],"predecessor-version":[{"id":2144,"href":"https:\/\/mavisiteenfrance.com\/index.php\/wp-json\/wp\/v2\/posts\/2026\/revisions\/2144"}],"wp:featuredmedia":[{"embeddable":true,"href":"https:\/\/mavisiteenfrance.com\/index.php\/wp-json\/wp\/v2\/media\/2027"}],"wp:attachment":[{"href":"https:\/\/mavisiteenfrance.com\/index.php\/wp-json\/wp\/v2\/media?parent=2026"}],"wp:term":[{"taxonomy":"category","embeddable":true,"href":"https:\/\/mavisiteenfrance.com\/index.php\/wp-json\/wp\/v2\/categories?post=2026"},{"taxonomy":"post_tag","embeddable":true,"href":"https:\/\/mavisiteenfrance.com\/index.php\/wp-json\/wp\/v2\/tags?post=2026"}],"curies":[{"name":"wp","href":"https:\/\/api.w.org\/{rel}","templated":true}]}}