{"id":2540,"date":"2021-04-20T14:07:18","date_gmt":"2021-04-20T14:07:18","guid":{"rendered":"https:\/\/mavisiteenfrance.com\/?p=2540"},"modified":"2026-03-31T14:20:50","modified_gmt":"2026-03-31T14:20:50","slug":"viala-du-pas-de-jaux-visites-de-la-tour-refuge-et-du-logis-des-hospitaliers","status":"publish","type":"post","link":"https:\/\/mavisiteenfrance.com\/index.php\/viala-du-pas-de-jaux-visites-de-la-tour-refuge-et-du-logis-des-hospitaliers\/","title":{"rendered":"Viala-du-Pas-de-Jaux &#8211; Visites de la Tour refuge et du Logis des Hospitaliers"},"content":{"rendered":"\n<figure class=\"wp-block-image size-large is-resized\"><img loading=\"lazy\" decoding=\"async\" src=\"https:\/\/mavisiteenfrance.com\/wp-content\/uploads\/2021\/04\/Visites-de-la-Tour-refuge-et-du-Logis-des-Hospitaliers.png\" alt=\"\" class=\"wp-image-2541\" width=\"472\" height=\"326\"\/><\/figure>\n\n\n\n<p>Vivante illustration de la vocation agropastorale du Larzac, la Tour du Viala du Pas de Jaux a \u00e9t\u00e9 \u00e9rig\u00e9e en 1430 \u00e0 c\u00f4t\u00e9 du Logis des Chevaliers Hospitaliers de Saint Jean de J\u00e9rusalem (existant depuis le XIV\u00e8me si\u00e8cle) \u00e0 la demande des habitants du village afin de pouvoir se r\u00e9fugier en temps de guerre et stocker les r\u00e9coltes de c\u00e9r\u00e9ales.<br>Des travaux de restauration ont redonn\u00e9 \u00e0 cette tour sa physionomie guerri\u00e8re avec ses cinq \u00e9tages, son chemin de ronde avec m\u00e2chicoulis et ses b\u00e2timents mitoyens que sont le Logis des Chevaliers et la Grange.<\/p>\n\n\n\n<p>Tous ces b\u00e2timents permettent d&rsquo;accueillir une bonne partie de l&rsquo;ann\u00e9e des expositions permanentes et temporaires ainsi que des animations (visites costum\u00e9es et jeux d\u00e9couverte pour les enfants).<br>Visites libres avec livret, visites avec audio-guide,ou visites guid\u00e9es<br>Groupes (+12 pers) sur r\u00e9servation<\/p>\n\n\n\n<p>4, Place du Logis 12250 Le VIALA DU PAS DE JAUX<br>asso.tourduviala@wanadoo.fr<br>Tel. : 05 65 58 91 89<br><a href=\"https:\/\/www.tourisme-larzac.com\/fr\/diffusio\/laissez-vous-surprendre\/les-incontournables\/les-sites-templiers-hospitaliers-du-larzac\/viala-du-pas-de-jaux\/la-tour-du-viala-du-pas-de-jaux_TFO18785721202.php\" target=\"_blank\" rel=\"noreferrer noopener\">https:\/\/www.tourisme-larzac.com\/fr\/diffusio\/laissez-vous-surprendre\/les-incontournables\/les-sites-templiers-hospitaliers-du-larzac\/viala-du-pas-de-jaux\/la-tour-du-viala-du-pas-de-jaux_TFO18785721202.php<\/a><\/p>\n\n\n\n<div class=\"wp-block-buttons is-layout-flex wp-block-buttons-is-layout-flex\">\n<div class=\"wp-block-button\"><a class=\"wp-block-button__link has-vivid-cyan-blue-background-color has-background\" href=\"https:\/\/www.tourisme-larzac.com\/fr\/diffusio\/laissez-vous-surprendre\/les-incontournables\/les-sites-templiers-hospitaliers-du-larzac\/viala-du-pas-de-jaux\/la-tour-du-viala-du-pas-de-jaux_TFO18785721202.php\" target=\"_blank\" rel=\"noreferrer noopener\"><span class=\"has-inline-color has-white-color\">Je d\u00e9couvre l&rsquo;activit\u00e9<\/span><\/a><\/div>\n<\/div>\n\n\n","protected":false},"excerpt":{"rendered":"<p>Vivante illustration de la vocation agropastorale du Larzac, la Tour du Viala du Pas de Jaux a \u00e9t\u00e9 \u00e9rig\u00e9e en 1430 \u00e0 c\u00f4t\u00e9 du Logis des Chevaliers Hospitaliers de Saint Jean de J\u00e9rusalem (existant depuis le XIV\u00e8me si\u00e8cle) \u00e0 la demande des habitants du village afin de pouvoir se r\u00e9fugier en temps de guerre et [&hellip;]<\/p>\n","protected":false},"author":1,"featured_media":2541,"comment_status":"closed","ping_status":"closed","sticky":false,"template":"","format":"standard","meta":{"footnotes":""},"categories":[21],"tags":[],"class_list":["post-2540","post","type-post","status-publish","format-standard","has-post-thumbnail","hentry","category-activites-insolites-region-de-montpellier"],"yoast_head":"<!-- This site is optimized with the Yoast SEO plugin v19.6.1 - https:\/\/yoast.com\/wordpress\/plugins\/seo\/ -->\n<title>Viala-du-Pas-de-Jaux - Visites de la Tour refuge et du Logis des Hospitaliers - Ma Visite en France<\/title>\n<meta name=\"robots\" content=\"index, follow, max-snippet:-1, max-image-preview:large, max-video-preview:-1\" \/>\n<link rel=\"canonical\" href=\"https:\/\/mavisiteenfrance.com\/index.php\/viala-du-pas-de-jaux-visites-de-la-tour-refuge-et-du-logis-des-hospitaliers\/\" \/>\n<meta property=\"og:locale\" content=\"fr_FR\" \/>\n<meta property=\"og:type\" content=\"article\" \/>\n<meta property=\"og:title\" content=\"Viala-du-Pas-de-Jaux - Visites de la Tour refuge et du Logis des Hospitaliers - Ma Visite en France\" \/>\n<meta property=\"og:description\" content=\"Vivante illustration de la vocation agropastorale du Larzac, la Tour du Viala du Pas de Jaux a \u00e9t\u00e9 \u00e9rig\u00e9e en 1430 \u00e0 c\u00f4t\u00e9 du Logis des Chevaliers Hospitaliers de Saint Jean de J\u00e9rusalem (existant depuis le XIV\u00e8me si\u00e8cle) \u00e0 la demande des habitants du village afin de pouvoir se r\u00e9fugier en temps de guerre et [&hellip;]\" \/>\n<meta property=\"og:url\" content=\"https:\/\/mavisiteenfrance.com\/index.php\/viala-du-pas-de-jaux-visites-de-la-tour-refuge-et-du-logis-des-hospitaliers\/\" \/>\n<meta property=\"og:site_name\" content=\"Ma Visite en France\" \/>\n<meta property=\"article:published_time\" content=\"2021-04-20T14:07:18+00:00\" \/>\n<meta property=\"article:modified_time\" content=\"2026-03-31T14:20:50+00:00\" \/>\n<meta property=\"og:image\" content=\"https:\/\/mavisiteenfrance.com\/wp-content\/uploads\/2021\/04\/Visites-de-la-Tour-refuge-et-du-Logis-des-Hospitaliers.png\" \/>\n\t<meta property=\"og:image:width\" content=\"550\" \/>\n\t<meta property=\"og:image:height\" content=\"380\" \/>\n\t<meta property=\"og:image:type\" content=\"image\/png\" \/>\n<meta name=\"author\" content=\"admin\" \/>\n<meta name=\"twitter:card\" content=\"summary_large_image\" \/>\n<meta name=\"twitter:label1\" content=\"\u00c9crit par\" \/>\n\t<meta name=\"twitter:data1\" content=\"admin\" \/>\n\t<meta name=\"twitter:label2\" content=\"Dur\u00e9e de lecture estim\u00e9e\" \/>\n\t<meta name=\"twitter:data2\" content=\"1 minute\" \/>\n<script type=\"application\/ld+json\" class=\"yoast-schema-graph\">{\"@context\":\"https:\/\/schema.org\",\"@graph\":[{\"@type\":\"WebPage\",\"@id\":\"https:\/\/mavisiteenfrance.com\/index.php\/viala-du-pas-de-jaux-visites-de-la-tour-refuge-et-du-logis-des-hospitaliers\/\",\"url\":\"https:\/\/mavisiteenfrance.com\/index.php\/viala-du-pas-de-jaux-visites-de-la-tour-refuge-et-du-logis-des-hospitaliers\/\",\"name\":\"Viala-du-Pas-de-Jaux - Visites de la Tour refuge et du Logis des Hospitaliers - Ma Visite en France\",\"isPartOf\":{\"@id\":\"https:\/\/mavisiteenfrance.com\/#website\"},\"datePublished\":\"2021-04-20T14:07:18+00:00\",\"dateModified\":\"2026-03-31T14:20:50+00:00\",\"author\":{\"@id\":\"https:\/\/mavisiteenfrance.com\/#\/schema\/person\/b6a3c941e23f14cb37e924e8335f04c4\"},\"breadcrumb\":{\"@id\":\"https:\/\/mavisiteenfrance.com\/index.php\/viala-du-pas-de-jaux-visites-de-la-tour-refuge-et-du-logis-des-hospitaliers\/#breadcrumb\"},\"inLanguage\":\"fr-FR\",\"potentialAction\":[{\"@type\":\"ReadAction\",\"target\":[\"https:\/\/mavisiteenfrance.com\/index.php\/viala-du-pas-de-jaux-visites-de-la-tour-refuge-et-du-logis-des-hospitaliers\/\"]}]},{\"@type\":\"BreadcrumbList\",\"@id\":\"https:\/\/mavisiteenfrance.com\/index.php\/viala-du-pas-de-jaux-visites-de-la-tour-refuge-et-du-logis-des-hospitaliers\/#breadcrumb\",\"itemListElement\":[{\"@type\":\"ListItem\",\"position\":1,\"name\":\"Accueil\",\"item\":\"https:\/\/mavisiteenfrance.com\/\"},{\"@type\":\"ListItem\",\"position\":2,\"name\":\"Viala-du-Pas-de-Jaux &#8211; Visites de la Tour refuge et du Logis des Hospitaliers\"}]},{\"@type\":\"WebSite\",\"@id\":\"https:\/\/mavisiteenfrance.com\/#website\",\"url\":\"https:\/\/mavisiteenfrance.com\/\",\"name\":\"Ma Visite en France\",\"description\":\"Exp\u00e9riences insolites\",\"potentialAction\":[{\"@type\":\"SearchAction\",\"target\":{\"@type\":\"EntryPoint\",\"urlTemplate\":\"https:\/\/mavisiteenfrance.com\/?s={search_term_string}\"},\"query-input\":\"required name=search_term_string\"}],\"inLanguage\":\"fr-FR\"},{\"@type\":\"Person\",\"@id\":\"https:\/\/mavisiteenfrance.com\/#\/schema\/person\/b6a3c941e23f14cb37e924e8335f04c4\",\"name\":\"admin\",\"image\":{\"@type\":\"ImageObject\",\"inLanguage\":\"fr-FR\",\"@id\":\"https:\/\/mavisiteenfrance.com\/#\/schema\/person\/image\/\",\"url\":\"https:\/\/secure.gravatar.com\/avatar\/ebd3faec6905ca75bc72e3855d8596480f5f3ea28e20f40025560f410c2e639b?s=96&d=mm&r=g\",\"contentUrl\":\"https:\/\/secure.gravatar.com\/avatar\/ebd3faec6905ca75bc72e3855d8596480f5f3ea28e20f40025560f410c2e639b?s=96&d=mm&r=g\",\"caption\":\"admin\"},\"sameAs\":[\"https:\/\/mavisiteenfrance.com\"],\"url\":\"https:\/\/mavisiteenfrance.com\/index.php\/author\/admin\/\"}]}<\/script>\n<!-- \/ Yoast SEO plugin. -->","yoast_head_json":{"title":"Viala-du-Pas-de-Jaux - Visites de la Tour refuge et du Logis des Hospitaliers - Ma Visite en France","robots":{"index":"index","follow":"follow","max-snippet":"max-snippet:-1","max-image-preview":"max-image-preview:large","max-video-preview":"max-video-preview:-1"},"canonical":"https:\/\/mavisiteenfrance.com\/index.php\/viala-du-pas-de-jaux-visites-de-la-tour-refuge-et-du-logis-des-hospitaliers\/","og_locale":"fr_FR","og_type":"article","og_title":"Viala-du-Pas-de-Jaux - Visites de la Tour refuge et du Logis des Hospitaliers - Ma Visite en France","og_description":"Vivante illustration de la vocation agropastorale du Larzac, la Tour du Viala du Pas de Jaux a \u00e9t\u00e9 \u00e9rig\u00e9e en 1430 \u00e0 c\u00f4t\u00e9 du Logis des Chevaliers Hospitaliers de Saint Jean de J\u00e9rusalem (existant depuis le XIV\u00e8me si\u00e8cle) \u00e0 la demande des habitants du village afin de pouvoir se r\u00e9fugier en temps de guerre et [&hellip;]","og_url":"https:\/\/mavisiteenfrance.com\/index.php\/viala-du-pas-de-jaux-visites-de-la-tour-refuge-et-du-logis-des-hospitaliers\/","og_site_name":"Ma Visite en France","article_published_time":"2021-04-20T14:07:18+00:00","article_modified_time":"2026-03-31T14:20:50+00:00","og_image":[{"width":550,"height":380,"url":"https:\/\/mavisiteenfrance.com\/wp-content\/uploads\/2021\/04\/Visites-de-la-Tour-refuge-et-du-Logis-des-Hospitaliers.png","type":"image\/png"}],"author":"admin","twitter_card":"summary_large_image","twitter_misc":{"\u00c9crit par":"admin","Dur\u00e9e de lecture estim\u00e9e":"1 minute"},"schema":{"@context":"https:\/\/schema.org","@graph":[{"@type":"WebPage","@id":"https:\/\/mavisiteenfrance.com\/index.php\/viala-du-pas-de-jaux-visites-de-la-tour-refuge-et-du-logis-des-hospitaliers\/","url":"https:\/\/mavisiteenfrance.com\/index.php\/viala-du-pas-de-jaux-visites-de-la-tour-refuge-et-du-logis-des-hospitaliers\/","name":"Viala-du-Pas-de-Jaux - Visites de la Tour refuge et du Logis des Hospitaliers - Ma Visite en France","isPartOf":{"@id":"https:\/\/mavisiteenfrance.com\/#website"},"datePublished":"2021-04-20T14:07:18+00:00","dateModified":"2026-03-31T14:20:50+00:00","author":{"@id":"https:\/\/mavisiteenfrance.com\/#\/schema\/person\/b6a3c941e23f14cb37e924e8335f04c4"},"breadcrumb":{"@id":"https:\/\/mavisiteenfrance.com\/index.php\/viala-du-pas-de-jaux-visites-de-la-tour-refuge-et-du-logis-des-hospitaliers\/#breadcrumb"},"inLanguage":"fr-FR","potentialAction":[{"@type":"ReadAction","target":["https:\/\/mavisiteenfrance.com\/index.php\/viala-du-pas-de-jaux-visites-de-la-tour-refuge-et-du-logis-des-hospitaliers\/"]}]},{"@type":"BreadcrumbList","@id":"https:\/\/mavisiteenfrance.com\/index.php\/viala-du-pas-de-jaux-visites-de-la-tour-refuge-et-du-logis-des-hospitaliers\/#breadcrumb","itemListElement":[{"@type":"ListItem","position":1,"name":"Accueil","item":"https:\/\/mavisiteenfrance.com\/"},{"@type":"ListItem","position":2,"name":"Viala-du-Pas-de-Jaux &#8211; Visites de la Tour refuge et du Logis des Hospitaliers"}]},{"@type":"WebSite","@id":"https:\/\/mavisiteenfrance.com\/#website","url":"https:\/\/mavisiteenfrance.com\/","name":"Ma Visite en France","description":"Exp\u00e9riences insolites","potentialAction":[{"@type":"SearchAction","target":{"@type":"EntryPoint","urlTemplate":"https:\/\/mavisiteenfrance.com\/?s={search_term_string}"},"query-input":"required name=search_term_string"}],"inLanguage":"fr-FR"},{"@type":"Person","@id":"https:\/\/mavisiteenfrance.com\/#\/schema\/person\/b6a3c941e23f14cb37e924e8335f04c4","name":"admin","image":{"@type":"ImageObject","inLanguage":"fr-FR","@id":"https:\/\/mavisiteenfrance.com\/#\/schema\/person\/image\/","url":"https:\/\/secure.gravatar.com\/avatar\/ebd3faec6905ca75bc72e3855d8596480f5f3ea28e20f40025560f410c2e639b?s=96&d=mm&r=g","contentUrl":"https:\/\/secure.gravatar.com\/avatar\/ebd3faec6905ca75bc72e3855d8596480f5f3ea28e20f40025560f410c2e639b?s=96&d=mm&r=g","caption":"admin"},"sameAs":["https:\/\/mavisiteenfrance.com"],"url":"https:\/\/mavisiteenfrance.com\/index.php\/author\/admin\/"}]}},"_links":{"self":[{"href":"https:\/\/mavisiteenfrance.com\/index.php\/wp-json\/wp\/v2\/posts\/2540","targetHints":{"allow":["GET"]}}],"collection":[{"href":"https:\/\/mavisiteenfrance.com\/index.php\/wp-json\/wp\/v2\/posts"}],"about":[{"href":"https:\/\/mavisiteenfrance.com\/index.php\/wp-json\/wp\/v2\/types\/post"}],"author":[{"embeddable":true,"href":"https:\/\/mavisiteenfrance.com\/index.php\/wp-json\/wp\/v2\/users\/1"}],"replies":[{"embeddable":true,"href":"https:\/\/mavisiteenfrance.com\/index.php\/wp-json\/wp\/v2\/comments?post=2540"}],"version-history":[{"count":1,"href":"https:\/\/mavisiteenfrance.com\/index.php\/wp-json\/wp\/v2\/posts\/2540\/revisions"}],"predecessor-version":[{"id":2542,"href":"https:\/\/mavisiteenfrance.com\/index.php\/wp-json\/wp\/v2\/posts\/2540\/revisions\/2542"}],"wp:featuredmedia":[{"embeddable":true,"href":"https:\/\/mavisiteenfrance.com\/index.php\/wp-json\/wp\/v2\/media\/2541"}],"wp:attachment":[{"href":"https:\/\/mavisiteenfrance.com\/index.php\/wp-json\/wp\/v2\/media?parent=2540"}],"wp:term":[{"taxonomy":"category","embeddable":true,"href":"https:\/\/mavisiteenfrance.com\/index.php\/wp-json\/wp\/v2\/categories?post=2540"},{"taxonomy":"post_tag","embeddable":true,"href":"https:\/\/mavisiteenfrance.com\/index.php\/wp-json\/wp\/v2\/tags?post=2540"}],"curies":[{"name":"wp","href":"https:\/\/api.w.org\/{rel}","templated":true}]}}