{"id":2561,"date":"2021-04-22T09:53:49","date_gmt":"2021-04-22T09:53:49","guid":{"rendered":"https:\/\/mavisiteenfrance.com\/?p=2561"},"modified":"2026-03-31T14:20:50","modified_gmt":"2026-03-31T14:20:50","slug":"plehedel-artisanat-sculpturegravuretaille-de-pierre-granit","status":"publish","type":"post","link":"https:\/\/mavisiteenfrance.com\/index.php\/plehedel-artisanat-sculpturegravuretaille-de-pierre-granit\/","title":{"rendered":"Pl\u00e9h\u00e9del &#8211; Artisanat : sculpture,gravure,taille de pierre, granit"},"content":{"rendered":"\n<figure class=\"wp-block-image size-large is-resized\"><img loading=\"lazy\" decoding=\"async\" src=\"https:\/\/mavisiteenfrance.com\/wp-content\/uploads\/2021\/04\/Ple\u0301he\u0301del-Artisanat-_-sculpturegravuretaille-de-pierre-granit.png\" alt=\"\" class=\"wp-image-2562\" width=\"458\" height=\"316\"\/><\/figure>\n\n\n\n<p><br>Yann Chancerel a, pendant 20 ans, exerc\u00e9 en restauration de Monuments Historiques en tant que tailleur de pierre et sculpteur.<br>Pendant cette p\u00e9riode, il n&rsquo;a eu de cesse de se former, d&rsquo;abord en acqu\u00e9rant un CAP taille de pierre par le biais de la formation chez les Compagnons du Devoir pour ensuite se sp\u00e9cialiser dans la restauration du patrimoine aupr\u00e8s de plusieurs entreprises en France. Il participe, de ce fait, \u00e0 aux restaurations monuments historiques tels que le ch\u00e2teau des Ducs \u00e0 Nantes, la cath\u00e9drale de Nantes, Tr\u00e9guier, Quimper.<br>Il parcourt ainsi l&rsquo;hexagone d\u00e9veloppant et affinant ses connaissances et techniques de taille et de la sculpture. En 2016, il obtient son Master 2 Restauration R\u00e9habilitation du patrimoine B\u00e2ti. Entre ces diff\u00e9rentes missions, Yann a particip\u00e9 \u00e0 plusieurs symposiums de sculpture, a r\u00e9alis\u00e9 une \u0153uvre monumentale command\u00e9e par le s\u00e9nateur des c\u00f4tes d&rsquo;Armor, Pierre-Yvon Tremel \u00ab Naissance et ascension de l&rsquo;homme par la mati\u00e8re \u00bb que l&rsquo;on peut admirer dans la vall\u00e9e du Ru \u00e0 Cavan dans les C\u00f4tes d&rsquo;Armor.<\/p>\n\n\n\n<p> Tr\u00e8s sensible aux probl\u00e9matiques environnementales, ses sculptures s&rsquo;inspirent du littoral et surtout du monde aquatique. Elles sont autant d&rsquo;appels \u00e0 la prise de conscience. N\u00e9anmoins, Yann a plusieurs cordes \u00e0 son arc, puisque, outre ses sculptures figuratives, il cr\u00e9e des \u0153uvres contemporaines voire monumentales. Il ne s&rsquo;en cache pas : il aime la sculpture symbolique.<\/p>\n\n\n\n<p><br>Sa roche de pr\u00e9dilection est le granit qui correspond le mieux \u00e0 son caract\u00e8re. Jouer sur les aspects de mati\u00e8re, le c\u00f4t\u00e9 brut de celle-ci ainsi que la finesse des outils avec lesquels il travaille reste pour lui un plaisir in\u00e9gal\u00e9 et puissant. Cette douce alchimie entre la g\u00e9om\u00e9trie et la quintessence de la nature sublime ses \u00e9motions et laisse l&rsquo;\u0153uvre grandir en lui. C&rsquo;est bien ce que lui procure ce merveilleux pr\u00e9sent. Il aime \u00e0 dire : \u00ab Je puise mon inextinguible cr\u00e9ativit\u00e9 dans ma nature profonde. J&rsquo;\u00e9pouse les formes et les courbes de mes mains folles sans me soucier d&rsquo;hier. \u00bb\u00c0 travers ce site, Yann vous invite \u00e0 d\u00e9couvrir son parcours initiatique, \u00e0 voyager, r\u00eaver, s&rsquo;engager aussi et \u00e0 venir \u00e0 sa rencontre. <\/p>\n\n\n\n<p>\u00ab Les uns pensent, dit-on, les autres agissent. Mais la vraie condition de l&rsquo;homme c&rsquo;est de penser avec ses mains. \u00bb Denis de Rougemont.<\/p>\n\n\n\n<p>PRESTATIONS<br>1-Micro conf\u00e9rence sur l&rsquo;outillage du tailleur de pierre de l&rsquo;\u00c9gypte au d\u00e9but du 21 i\u00e8me si\u00e8cle.<br>2-Micro conf\u00e9rence sur la g\u00e9ologie locale : explication des formations de roches locales.<br>3- Expliquer les techniques diff\u00e9rentes du travail de la pierre \u00e0 travers mes \u0153uvres en granit et les divers m\u00e9tiers autour de la pierre .<br>4-Guidage1 \u00a0\u00bb A la d\u00e9couverte du patrimoine rural\u00a0\u00bb<br>-Mettre en \u00e9vidence les mat\u00e9riaux naturel employ\u00e9 ( bois,pierre,terre,sable,chaux ).<br>-Lecture d&rsquo;une fa\u00e7ade de maison paysanne (Pourquoi,comment et fonction)<br>-Retracer les courants sociaux \u00e9conomique de l&rsquo;\u00e9poque en correspondance avec l&rsquo;architecture rural .<br>Guidage2 : Paimpol p\u00e9cheur d&rsquo;Island Terre Neuvas. Histoire de la p\u00eache \u00e0 Terre Neuve.<\/p>\n\n\n\n<p>Temps: 2h00.<br>Prix :<br>Adulte 25 euros PRESTATIONS 1.2.3.4.<br>Visite uniquement de l&rsquo;atelier galerie PRESTATIONS 1 ET 2. 10 EUROS .<br>Enfant de 8 \u00e0 18 ans Gratuit<br>HORRAIRE DE 9H00 \u00e0 18H00<br>R\u00c9SERVATION PAR t\u00e9l\u00e9phone : 06 20 27 87 92<\/p>\n\n\n\n<p>2 chemin de couraillon<br>taillant22@gmail.com<br>Tel. : 06 20 27 87 92<br><a href=\"https:\/\/www.sculpture-gravure-granit-yannchancerel.com\/\" target=\"_blank\" rel=\"noreferrer noopener\">https:\/\/www.sculpture-gravure-granit-yannchancerel.com\/<\/a><\/p>\n\n\n\n<div class=\"wp-block-buttons is-layout-flex wp-block-buttons-is-layout-flex\">\n<div class=\"wp-block-button\"><a class=\"wp-block-button__link has-vivid-cyan-blue-background-color has-background\" href=\"https:\/\/www.sculpture-gravure-granit-yannchancerel.com\/\" target=\"_blank\" rel=\"noreferrer noopener\"><span class=\"has-inline-color has-white-color\">Je d\u00e9couvre l&rsquo;activit\u00e9<\/span><\/a><\/div>\n<\/div>\n\n\n","protected":false},"excerpt":{"rendered":"<p>Yann Chancerel a, pendant 20 ans, exerc\u00e9 en restauration de Monuments Historiques en tant que tailleur de pierre et sculpteur.Pendant cette p\u00e9riode, il n&rsquo;a eu de cesse de se former, d&rsquo;abord en acqu\u00e9rant un CAP taille de pierre par le biais de la formation chez les Compagnons du Devoir pour ensuite se sp\u00e9cialiser dans la [&hellip;]<\/p>\n","protected":false},"author":1,"featured_media":2562,"comment_status":"closed","ping_status":"closed","sticky":false,"template":"","format":"standard","meta":{"footnotes":""},"categories":[33],"tags":[],"class_list":["post-2561","post","type-post","status-publish","format-standard","has-post-thumbnail","hentry","category-activites-insolites-region-de-saint-malo"],"yoast_head":"<!-- This site is optimized with the Yoast SEO plugin v19.6.1 - https:\/\/yoast.com\/wordpress\/plugins\/seo\/ -->\n<title>Pl\u00e9h\u00e9del - Artisanat : sculpture,gravure,taille de pierre, granit - Ma Visite en France<\/title>\n<meta name=\"robots\" content=\"index, follow, max-snippet:-1, max-image-preview:large, max-video-preview:-1\" \/>\n<link rel=\"canonical\" href=\"https:\/\/mavisiteenfrance.com\/index.php\/plehedel-artisanat-sculpturegravuretaille-de-pierre-granit\/\" \/>\n<meta property=\"og:locale\" content=\"fr_FR\" \/>\n<meta property=\"og:type\" content=\"article\" \/>\n<meta property=\"og:title\" content=\"Pl\u00e9h\u00e9del - Artisanat : sculpture,gravure,taille de pierre, granit - Ma Visite en France\" \/>\n<meta property=\"og:description\" content=\"Yann Chancerel a, pendant 20 ans, exerc\u00e9 en restauration de Monuments Historiques en tant que tailleur de pierre et sculpteur.Pendant cette p\u00e9riode, il n&rsquo;a eu de cesse de se former, d&rsquo;abord en acqu\u00e9rant un CAP taille de pierre par le biais de la formation chez les Compagnons du Devoir pour ensuite se sp\u00e9cialiser dans la [&hellip;]\" \/>\n<meta property=\"og:url\" content=\"https:\/\/mavisiteenfrance.com\/index.php\/plehedel-artisanat-sculpturegravuretaille-de-pierre-granit\/\" \/>\n<meta property=\"og:site_name\" content=\"Ma Visite en France\" \/>\n<meta property=\"article:published_time\" content=\"2021-04-22T09:53:49+00:00\" \/>\n<meta property=\"article:modified_time\" content=\"2026-03-31T14:20:50+00:00\" \/>\n<meta property=\"og:image\" content=\"https:\/\/mavisiteenfrance.com\/wp-content\/uploads\/2021\/04\/Ple\u0301he\u0301del-Artisanat-_-sculpturegravuretaille-de-pierre-granit.png\" \/>\n\t<meta property=\"og:image:width\" content=\"550\" \/>\n\t<meta property=\"og:image:height\" content=\"380\" \/>\n\t<meta property=\"og:image:type\" content=\"image\/png\" \/>\n<meta name=\"author\" content=\"admin\" \/>\n<meta name=\"twitter:card\" content=\"summary_large_image\" \/>\n<meta name=\"twitter:label1\" content=\"\u00c9crit par\" \/>\n\t<meta name=\"twitter:data1\" content=\"admin\" \/>\n\t<meta name=\"twitter:label2\" content=\"Dur\u00e9e de lecture estim\u00e9e\" \/>\n\t<meta name=\"twitter:data2\" content=\"3 minutes\" \/>\n<script type=\"application\/ld+json\" class=\"yoast-schema-graph\">{\"@context\":\"https:\/\/schema.org\",\"@graph\":[{\"@type\":\"WebPage\",\"@id\":\"https:\/\/mavisiteenfrance.com\/index.php\/plehedel-artisanat-sculpturegravuretaille-de-pierre-granit\/\",\"url\":\"https:\/\/mavisiteenfrance.com\/index.php\/plehedel-artisanat-sculpturegravuretaille-de-pierre-granit\/\",\"name\":\"Pl\u00e9h\u00e9del - Artisanat : sculpture,gravure,taille de pierre, granit - Ma Visite en France\",\"isPartOf\":{\"@id\":\"https:\/\/mavisiteenfrance.com\/#website\"},\"datePublished\":\"2021-04-22T09:53:49+00:00\",\"dateModified\":\"2026-03-31T14:20:50+00:00\",\"author\":{\"@id\":\"https:\/\/mavisiteenfrance.com\/#\/schema\/person\/b6a3c941e23f14cb37e924e8335f04c4\"},\"breadcrumb\":{\"@id\":\"https:\/\/mavisiteenfrance.com\/index.php\/plehedel-artisanat-sculpturegravuretaille-de-pierre-granit\/#breadcrumb\"},\"inLanguage\":\"fr-FR\",\"potentialAction\":[{\"@type\":\"ReadAction\",\"target\":[\"https:\/\/mavisiteenfrance.com\/index.php\/plehedel-artisanat-sculpturegravuretaille-de-pierre-granit\/\"]}]},{\"@type\":\"BreadcrumbList\",\"@id\":\"https:\/\/mavisiteenfrance.com\/index.php\/plehedel-artisanat-sculpturegravuretaille-de-pierre-granit\/#breadcrumb\",\"itemListElement\":[{\"@type\":\"ListItem\",\"position\":1,\"name\":\"Accueil\",\"item\":\"https:\/\/mavisiteenfrance.com\/\"},{\"@type\":\"ListItem\",\"position\":2,\"name\":\"Pl\u00e9h\u00e9del &#8211; Artisanat : sculpture,gravure,taille de pierre, granit\"}]},{\"@type\":\"WebSite\",\"@id\":\"https:\/\/mavisiteenfrance.com\/#website\",\"url\":\"https:\/\/mavisiteenfrance.com\/\",\"name\":\"Ma Visite en France\",\"description\":\"Exp\u00e9riences insolites\",\"potentialAction\":[{\"@type\":\"SearchAction\",\"target\":{\"@type\":\"EntryPoint\",\"urlTemplate\":\"https:\/\/mavisiteenfrance.com\/?s={search_term_string}\"},\"query-input\":\"required name=search_term_string\"}],\"inLanguage\":\"fr-FR\"},{\"@type\":\"Person\",\"@id\":\"https:\/\/mavisiteenfrance.com\/#\/schema\/person\/b6a3c941e23f14cb37e924e8335f04c4\",\"name\":\"admin\",\"image\":{\"@type\":\"ImageObject\",\"inLanguage\":\"fr-FR\",\"@id\":\"https:\/\/mavisiteenfrance.com\/#\/schema\/person\/image\/\",\"url\":\"https:\/\/secure.gravatar.com\/avatar\/ebd3faec6905ca75bc72e3855d8596480f5f3ea28e20f40025560f410c2e639b?s=96&d=mm&r=g\",\"contentUrl\":\"https:\/\/secure.gravatar.com\/avatar\/ebd3faec6905ca75bc72e3855d8596480f5f3ea28e20f40025560f410c2e639b?s=96&d=mm&r=g\",\"caption\":\"admin\"},\"sameAs\":[\"https:\/\/mavisiteenfrance.com\"],\"url\":\"https:\/\/mavisiteenfrance.com\/index.php\/author\/admin\/\"}]}<\/script>\n<!-- \/ Yoast SEO plugin. -->","yoast_head_json":{"title":"Pl\u00e9h\u00e9del - Artisanat : sculpture,gravure,taille de pierre, granit - Ma Visite en France","robots":{"index":"index","follow":"follow","max-snippet":"max-snippet:-1","max-image-preview":"max-image-preview:large","max-video-preview":"max-video-preview:-1"},"canonical":"https:\/\/mavisiteenfrance.com\/index.php\/plehedel-artisanat-sculpturegravuretaille-de-pierre-granit\/","og_locale":"fr_FR","og_type":"article","og_title":"Pl\u00e9h\u00e9del - Artisanat : sculpture,gravure,taille de pierre, granit - Ma Visite en France","og_description":"Yann Chancerel a, pendant 20 ans, exerc\u00e9 en restauration de Monuments Historiques en tant que tailleur de pierre et sculpteur.Pendant cette p\u00e9riode, il n&rsquo;a eu de cesse de se former, d&rsquo;abord en acqu\u00e9rant un CAP taille de pierre par le biais de la formation chez les Compagnons du Devoir pour ensuite se sp\u00e9cialiser dans la [&hellip;]","og_url":"https:\/\/mavisiteenfrance.com\/index.php\/plehedel-artisanat-sculpturegravuretaille-de-pierre-granit\/","og_site_name":"Ma Visite en France","article_published_time":"2021-04-22T09:53:49+00:00","article_modified_time":"2026-03-31T14:20:50+00:00","og_image":[{"width":550,"height":380,"url":"https:\/\/mavisiteenfrance.com\/wp-content\/uploads\/2021\/04\/Ple\u0301he\u0301del-Artisanat-_-sculpturegravuretaille-de-pierre-granit.png","type":"image\/png"}],"author":"admin","twitter_card":"summary_large_image","twitter_misc":{"\u00c9crit par":"admin","Dur\u00e9e de lecture estim\u00e9e":"3 minutes"},"schema":{"@context":"https:\/\/schema.org","@graph":[{"@type":"WebPage","@id":"https:\/\/mavisiteenfrance.com\/index.php\/plehedel-artisanat-sculpturegravuretaille-de-pierre-granit\/","url":"https:\/\/mavisiteenfrance.com\/index.php\/plehedel-artisanat-sculpturegravuretaille-de-pierre-granit\/","name":"Pl\u00e9h\u00e9del - Artisanat : sculpture,gravure,taille de pierre, granit - Ma Visite en France","isPartOf":{"@id":"https:\/\/mavisiteenfrance.com\/#website"},"datePublished":"2021-04-22T09:53:49+00:00","dateModified":"2026-03-31T14:20:50+00:00","author":{"@id":"https:\/\/mavisiteenfrance.com\/#\/schema\/person\/b6a3c941e23f14cb37e924e8335f04c4"},"breadcrumb":{"@id":"https:\/\/mavisiteenfrance.com\/index.php\/plehedel-artisanat-sculpturegravuretaille-de-pierre-granit\/#breadcrumb"},"inLanguage":"fr-FR","potentialAction":[{"@type":"ReadAction","target":["https:\/\/mavisiteenfrance.com\/index.php\/plehedel-artisanat-sculpturegravuretaille-de-pierre-granit\/"]}]},{"@type":"BreadcrumbList","@id":"https:\/\/mavisiteenfrance.com\/index.php\/plehedel-artisanat-sculpturegravuretaille-de-pierre-granit\/#breadcrumb","itemListElement":[{"@type":"ListItem","position":1,"name":"Accueil","item":"https:\/\/mavisiteenfrance.com\/"},{"@type":"ListItem","position":2,"name":"Pl\u00e9h\u00e9del &#8211; Artisanat : sculpture,gravure,taille de pierre, granit"}]},{"@type":"WebSite","@id":"https:\/\/mavisiteenfrance.com\/#website","url":"https:\/\/mavisiteenfrance.com\/","name":"Ma Visite en France","description":"Exp\u00e9riences insolites","potentialAction":[{"@type":"SearchAction","target":{"@type":"EntryPoint","urlTemplate":"https:\/\/mavisiteenfrance.com\/?s={search_term_string}"},"query-input":"required name=search_term_string"}],"inLanguage":"fr-FR"},{"@type":"Person","@id":"https:\/\/mavisiteenfrance.com\/#\/schema\/person\/b6a3c941e23f14cb37e924e8335f04c4","name":"admin","image":{"@type":"ImageObject","inLanguage":"fr-FR","@id":"https:\/\/mavisiteenfrance.com\/#\/schema\/person\/image\/","url":"https:\/\/secure.gravatar.com\/avatar\/ebd3faec6905ca75bc72e3855d8596480f5f3ea28e20f40025560f410c2e639b?s=96&d=mm&r=g","contentUrl":"https:\/\/secure.gravatar.com\/avatar\/ebd3faec6905ca75bc72e3855d8596480f5f3ea28e20f40025560f410c2e639b?s=96&d=mm&r=g","caption":"admin"},"sameAs":["https:\/\/mavisiteenfrance.com"],"url":"https:\/\/mavisiteenfrance.com\/index.php\/author\/admin\/"}]}},"_links":{"self":[{"href":"https:\/\/mavisiteenfrance.com\/index.php\/wp-json\/wp\/v2\/posts\/2561","targetHints":{"allow":["GET"]}}],"collection":[{"href":"https:\/\/mavisiteenfrance.com\/index.php\/wp-json\/wp\/v2\/posts"}],"about":[{"href":"https:\/\/mavisiteenfrance.com\/index.php\/wp-json\/wp\/v2\/types\/post"}],"author":[{"embeddable":true,"href":"https:\/\/mavisiteenfrance.com\/index.php\/wp-json\/wp\/v2\/users\/1"}],"replies":[{"embeddable":true,"href":"https:\/\/mavisiteenfrance.com\/index.php\/wp-json\/wp\/v2\/comments?post=2561"}],"version-history":[{"count":1,"href":"https:\/\/mavisiteenfrance.com\/index.php\/wp-json\/wp\/v2\/posts\/2561\/revisions"}],"predecessor-version":[{"id":2563,"href":"https:\/\/mavisiteenfrance.com\/index.php\/wp-json\/wp\/v2\/posts\/2561\/revisions\/2563"}],"wp:featuredmedia":[{"embeddable":true,"href":"https:\/\/mavisiteenfrance.com\/index.php\/wp-json\/wp\/v2\/media\/2562"}],"wp:attachment":[{"href":"https:\/\/mavisiteenfrance.com\/index.php\/wp-json\/wp\/v2\/media?parent=2561"}],"wp:term":[{"taxonomy":"category","embeddable":true,"href":"https:\/\/mavisiteenfrance.com\/index.php\/wp-json\/wp\/v2\/categories?post=2561"},{"taxonomy":"post_tag","embeddable":true,"href":"https:\/\/mavisiteenfrance.com\/index.php\/wp-json\/wp\/v2\/tags?post=2561"}],"curies":[{"name":"wp","href":"https:\/\/api.w.org\/{rel}","templated":true}]}}