{"id":839,"date":"2021-02-17T11:36:45","date_gmt":"2021-02-17T11:36:45","guid":{"rendered":"https:\/\/mavisiteenfrance.com\/?p=839"},"modified":"2026-03-31T14:53:33","modified_gmt":"2026-03-31T14:53:33","slug":"beziers-le-canal-du-midi-a-velo","status":"publish","type":"post","link":"https:\/\/mavisiteenfrance.com\/index.php\/beziers-le-canal-du-midi-a-velo\/","title":{"rendered":"B\u00e9ziers &#8211; Le Canal Du Midi \u00e0 V\u00e9lo"},"content":{"rendered":"\n<figure class=\"wp-block-image size-large is-resized\"><img loading=\"lazy\" decoding=\"async\" src=\"https:\/\/mavisiteenfrance.com\/wp-content\/uploads\/2021\/02\/ourbikeinlesomaillesomail.jpg\" alt=\"\" class=\"wp-image-840\" width=\"437\" height=\"302\"\/><\/figure>\n\n\n\n<p>Votre tour op\u00e9rateur sur le canal du Midi \u00e0 B\u00e9ziers. Notre objectif : organiser pour vous le top mondial des randonn\u00e9es v\u00e9lo. A votre disposition : packs complets de 3 \u00e0 9 jours, incluant transfert quotidien des bagages d&rsquo;h\u00f4tel \u00e0 h\u00f4tel, cartes de haute qualit\u00e9 avec instructions d\u00e9taill\u00e9es pour les bifurcations, pneus anti-crevaison, sacoches imperm\u00e9ables, cadre en aluminium (Giant). Ici, on parle fran\u00e7ais, anglais, et n\u00e9erlandais. Nous louons \u00e9galement des v\u00e9los \u00e0 la journ\u00e9e ou \u00e0 la semaine.<\/p>\n\n\n\n<p>70 Allees Paul Riquet, 34500 Beziers<br>relaxbeziers@gmail.com<br>Tel. : 06.38.12.32.82<br><a rel=\"noreferrer noopener\" href=\"https:\/\/www.relaxbiketours.com\/le-canal-du-midi-a-velo.html\" target=\"_blank\">https:\/\/www.relaxbiketours.com\/le-canal-du-midi-a-velo.html<\/a><\/p>\n\n\n\n<div class=\"wp-block-buttons is-layout-flex wp-block-buttons-is-layout-flex\">\n<div class=\"wp-block-button\"><a class=\"wp-block-button__link has-vivid-cyan-blue-background-color has-background\" href=\"https:\/\/www.relaxbiketours.com\/le-canal-du-midi-a-velo.html\" target=\"_blank\" rel=\"noreferrer noopener\"><span class=\"has-inline-color has-white-color\">Je d\u00e9couvre l&rsquo;activit\u00e9<\/span><\/a><\/div>\n<\/div>\n\n\n","protected":false},"excerpt":{"rendered":"<p>Votre tour op\u00e9rateur sur le canal du Midi \u00e0 B\u00e9ziers. Notre objectif : organiser pour vous le top mondial des randonn\u00e9es v\u00e9lo. A votre disposition : packs complets de 3 \u00e0 9 jours, incluant transfert quotidien des bagages d&rsquo;h\u00f4tel \u00e0 h\u00f4tel, cartes de haute qualit\u00e9 avec instructions d\u00e9taill\u00e9es pour les bifurcations, pneus anti-crevaison, sacoches imperm\u00e9ables, [&hellip;]<\/p>\n","protected":false},"author":1,"featured_media":840,"comment_status":"closed","ping_status":"closed","sticky":false,"template":"","format":"standard","meta":{"footnotes":""},"categories":[21],"tags":[],"class_list":["post-839","post","type-post","status-publish","format-standard","has-post-thumbnail","hentry","category-activites-insolites-region-de-montpellier"],"yoast_head":"<!-- This site is optimized with the Yoast SEO plugin v19.6.1 - https:\/\/yoast.com\/wordpress\/plugins\/seo\/ -->\n<title>B\u00e9ziers - Le Canal Du Midi \u00e0 V\u00e9lo - Ma Visite en France<\/title>\n<meta name=\"description\" content=\"Faite le Canal du Midi \u00e0 v\u00e9lo pour d\u00e9couvrir cette belle r\u00e9gion.\" \/>\n<meta name=\"robots\" content=\"index, follow, max-snippet:-1, max-image-preview:large, max-video-preview:-1\" \/>\n<link rel=\"canonical\" href=\"https:\/\/mavisiteenfrance.com\/index.php\/beziers-le-canal-du-midi-a-velo\/\" \/>\n<meta property=\"og:locale\" content=\"fr_FR\" \/>\n<meta property=\"og:type\" content=\"article\" \/>\n<meta property=\"og:title\" content=\"B\u00e9ziers - Le Canal Du Midi \u00e0 V\u00e9lo - Ma Visite en France\" \/>\n<meta property=\"og:description\" content=\"Faite le Canal du Midi \u00e0 v\u00e9lo pour d\u00e9couvrir cette belle r\u00e9gion.\" \/>\n<meta property=\"og:url\" content=\"https:\/\/mavisiteenfrance.com\/index.php\/beziers-le-canal-du-midi-a-velo\/\" \/>\n<meta property=\"og:site_name\" content=\"Ma Visite en France\" \/>\n<meta property=\"article:published_time\" content=\"2021-02-17T11:36:45+00:00\" \/>\n<meta property=\"article:modified_time\" content=\"2026-03-31T14:53:33+00:00\" \/>\n<meta property=\"og:image\" content=\"https:\/\/mavisiteenfrance.com\/wp-content\/uploads\/2021\/02\/ourbikeinlesomaillesomail.jpg\" \/>\n\t<meta property=\"og:image:width\" content=\"550\" \/>\n\t<meta property=\"og:image:height\" content=\"380\" \/>\n\t<meta property=\"og:image:type\" content=\"image\/jpeg\" \/>\n<meta name=\"author\" content=\"admin\" \/>\n<meta name=\"twitter:card\" content=\"summary_large_image\" \/>\n<meta name=\"twitter:label1\" content=\"\u00c9crit par\" \/>\n\t<meta name=\"twitter:data1\" content=\"admin\" \/>\n\t<meta name=\"twitter:label2\" content=\"Dur\u00e9e de lecture estim\u00e9e\" \/>\n\t<meta name=\"twitter:data2\" content=\"1 minute\" \/>\n<script type=\"application\/ld+json\" class=\"yoast-schema-graph\">{\"@context\":\"https:\/\/schema.org\",\"@graph\":[{\"@type\":\"WebPage\",\"@id\":\"https:\/\/mavisiteenfrance.com\/index.php\/beziers-le-canal-du-midi-a-velo\/\",\"url\":\"https:\/\/mavisiteenfrance.com\/index.php\/beziers-le-canal-du-midi-a-velo\/\",\"name\":\"B\u00e9ziers - Le Canal Du Midi \u00e0 V\u00e9lo - Ma Visite en France\",\"isPartOf\":{\"@id\":\"https:\/\/mavisiteenfrance.com\/#website\"},\"datePublished\":\"2021-02-17T11:36:45+00:00\",\"dateModified\":\"2026-03-31T14:53:33+00:00\",\"author\":{\"@id\":\"https:\/\/mavisiteenfrance.com\/#\/schema\/person\/b6a3c941e23f14cb37e924e8335f04c4\"},\"description\":\"Faite le Canal du Midi \u00e0 v\u00e9lo pour d\u00e9couvrir cette belle r\u00e9gion.\",\"breadcrumb\":{\"@id\":\"https:\/\/mavisiteenfrance.com\/index.php\/beziers-le-canal-du-midi-a-velo\/#breadcrumb\"},\"inLanguage\":\"fr-FR\",\"potentialAction\":[{\"@type\":\"ReadAction\",\"target\":[\"https:\/\/mavisiteenfrance.com\/index.php\/beziers-le-canal-du-midi-a-velo\/\"]}]},{\"@type\":\"BreadcrumbList\",\"@id\":\"https:\/\/mavisiteenfrance.com\/index.php\/beziers-le-canal-du-midi-a-velo\/#breadcrumb\",\"itemListElement\":[{\"@type\":\"ListItem\",\"position\":1,\"name\":\"Accueil\",\"item\":\"https:\/\/mavisiteenfrance.com\/\"},{\"@type\":\"ListItem\",\"position\":2,\"name\":\"B\u00e9ziers &#8211; Le Canal Du Midi \u00e0 V\u00e9lo\"}]},{\"@type\":\"WebSite\",\"@id\":\"https:\/\/mavisiteenfrance.com\/#website\",\"url\":\"https:\/\/mavisiteenfrance.com\/\",\"name\":\"Ma Visite en France\",\"description\":\"Exp\u00e9riences insolites\",\"potentialAction\":[{\"@type\":\"SearchAction\",\"target\":{\"@type\":\"EntryPoint\",\"urlTemplate\":\"https:\/\/mavisiteenfrance.com\/?s={search_term_string}\"},\"query-input\":\"required name=search_term_string\"}],\"inLanguage\":\"fr-FR\"},{\"@type\":\"Person\",\"@id\":\"https:\/\/mavisiteenfrance.com\/#\/schema\/person\/b6a3c941e23f14cb37e924e8335f04c4\",\"name\":\"admin\",\"image\":{\"@type\":\"ImageObject\",\"inLanguage\":\"fr-FR\",\"@id\":\"https:\/\/mavisiteenfrance.com\/#\/schema\/person\/image\/\",\"url\":\"https:\/\/secure.gravatar.com\/avatar\/ebd3faec6905ca75bc72e3855d8596480f5f3ea28e20f40025560f410c2e639b?s=96&d=mm&r=g\",\"contentUrl\":\"https:\/\/secure.gravatar.com\/avatar\/ebd3faec6905ca75bc72e3855d8596480f5f3ea28e20f40025560f410c2e639b?s=96&d=mm&r=g\",\"caption\":\"admin\"},\"sameAs\":[\"https:\/\/mavisiteenfrance.com\"],\"url\":\"https:\/\/mavisiteenfrance.com\/index.php\/author\/admin\/\"}]}<\/script>\n<!-- \/ Yoast SEO plugin. -->","yoast_head_json":{"title":"B\u00e9ziers - Le Canal Du Midi \u00e0 V\u00e9lo - Ma Visite en France","description":"Faite le Canal du Midi \u00e0 v\u00e9lo pour d\u00e9couvrir cette belle r\u00e9gion.","robots":{"index":"index","follow":"follow","max-snippet":"max-snippet:-1","max-image-preview":"max-image-preview:large","max-video-preview":"max-video-preview:-1"},"canonical":"https:\/\/mavisiteenfrance.com\/index.php\/beziers-le-canal-du-midi-a-velo\/","og_locale":"fr_FR","og_type":"article","og_title":"B\u00e9ziers - Le Canal Du Midi \u00e0 V\u00e9lo - Ma Visite en France","og_description":"Faite le Canal du Midi \u00e0 v\u00e9lo pour d\u00e9couvrir cette belle r\u00e9gion.","og_url":"https:\/\/mavisiteenfrance.com\/index.php\/beziers-le-canal-du-midi-a-velo\/","og_site_name":"Ma Visite en France","article_published_time":"2021-02-17T11:36:45+00:00","article_modified_time":"2026-03-31T14:53:33+00:00","og_image":[{"width":550,"height":380,"url":"https:\/\/mavisiteenfrance.com\/wp-content\/uploads\/2021\/02\/ourbikeinlesomaillesomail.jpg","type":"image\/jpeg"}],"author":"admin","twitter_card":"summary_large_image","twitter_misc":{"\u00c9crit par":"admin","Dur\u00e9e de lecture estim\u00e9e":"1 minute"},"schema":{"@context":"https:\/\/schema.org","@graph":[{"@type":"WebPage","@id":"https:\/\/mavisiteenfrance.com\/index.php\/beziers-le-canal-du-midi-a-velo\/","url":"https:\/\/mavisiteenfrance.com\/index.php\/beziers-le-canal-du-midi-a-velo\/","name":"B\u00e9ziers - Le Canal Du Midi \u00e0 V\u00e9lo - Ma Visite en France","isPartOf":{"@id":"https:\/\/mavisiteenfrance.com\/#website"},"datePublished":"2021-02-17T11:36:45+00:00","dateModified":"2026-03-31T14:53:33+00:00","author":{"@id":"https:\/\/mavisiteenfrance.com\/#\/schema\/person\/b6a3c941e23f14cb37e924e8335f04c4"},"description":"Faite le Canal du Midi \u00e0 v\u00e9lo pour d\u00e9couvrir cette belle r\u00e9gion.","breadcrumb":{"@id":"https:\/\/mavisiteenfrance.com\/index.php\/beziers-le-canal-du-midi-a-velo\/#breadcrumb"},"inLanguage":"fr-FR","potentialAction":[{"@type":"ReadAction","target":["https:\/\/mavisiteenfrance.com\/index.php\/beziers-le-canal-du-midi-a-velo\/"]}]},{"@type":"BreadcrumbList","@id":"https:\/\/mavisiteenfrance.com\/index.php\/beziers-le-canal-du-midi-a-velo\/#breadcrumb","itemListElement":[{"@type":"ListItem","position":1,"name":"Accueil","item":"https:\/\/mavisiteenfrance.com\/"},{"@type":"ListItem","position":2,"name":"B\u00e9ziers &#8211; Le Canal Du Midi \u00e0 V\u00e9lo"}]},{"@type":"WebSite","@id":"https:\/\/mavisiteenfrance.com\/#website","url":"https:\/\/mavisiteenfrance.com\/","name":"Ma Visite en France","description":"Exp\u00e9riences insolites","potentialAction":[{"@type":"SearchAction","target":{"@type":"EntryPoint","urlTemplate":"https:\/\/mavisiteenfrance.com\/?s={search_term_string}"},"query-input":"required name=search_term_string"}],"inLanguage":"fr-FR"},{"@type":"Person","@id":"https:\/\/mavisiteenfrance.com\/#\/schema\/person\/b6a3c941e23f14cb37e924e8335f04c4","name":"admin","image":{"@type":"ImageObject","inLanguage":"fr-FR","@id":"https:\/\/mavisiteenfrance.com\/#\/schema\/person\/image\/","url":"https:\/\/secure.gravatar.com\/avatar\/ebd3faec6905ca75bc72e3855d8596480f5f3ea28e20f40025560f410c2e639b?s=96&d=mm&r=g","contentUrl":"https:\/\/secure.gravatar.com\/avatar\/ebd3faec6905ca75bc72e3855d8596480f5f3ea28e20f40025560f410c2e639b?s=96&d=mm&r=g","caption":"admin"},"sameAs":["https:\/\/mavisiteenfrance.com"],"url":"https:\/\/mavisiteenfrance.com\/index.php\/author\/admin\/"}]}},"_links":{"self":[{"href":"https:\/\/mavisiteenfrance.com\/index.php\/wp-json\/wp\/v2\/posts\/839","targetHints":{"allow":["GET"]}}],"collection":[{"href":"https:\/\/mavisiteenfrance.com\/index.php\/wp-json\/wp\/v2\/posts"}],"about":[{"href":"https:\/\/mavisiteenfrance.com\/index.php\/wp-json\/wp\/v2\/types\/post"}],"author":[{"embeddable":true,"href":"https:\/\/mavisiteenfrance.com\/index.php\/wp-json\/wp\/v2\/users\/1"}],"replies":[{"embeddable":true,"href":"https:\/\/mavisiteenfrance.com\/index.php\/wp-json\/wp\/v2\/comments?post=839"}],"version-history":[{"count":2,"href":"https:\/\/mavisiteenfrance.com\/index.php\/wp-json\/wp\/v2\/posts\/839\/revisions"}],"predecessor-version":[{"id":1294,"href":"https:\/\/mavisiteenfrance.com\/index.php\/wp-json\/wp\/v2\/posts\/839\/revisions\/1294"}],"wp:featuredmedia":[{"embeddable":true,"href":"https:\/\/mavisiteenfrance.com\/index.php\/wp-json\/wp\/v2\/media\/840"}],"wp:attachment":[{"href":"https:\/\/mavisiteenfrance.com\/index.php\/wp-json\/wp\/v2\/media?parent=839"}],"wp:term":[{"taxonomy":"category","embeddable":true,"href":"https:\/\/mavisiteenfrance.com\/index.php\/wp-json\/wp\/v2\/categories?post=839"},{"taxonomy":"post_tag","embeddable":true,"href":"https:\/\/mavisiteenfrance.com\/index.php\/wp-json\/wp\/v2\/tags?post=839"}],"curies":[{"name":"wp","href":"https:\/\/api.w.org\/{rel}","templated":true}]}}