{"id":872,"date":"2021-02-17T15:23:29","date_gmt":"2021-02-17T15:23:29","guid":{"rendered":"https:\/\/mavisiteenfrance.com\/?p=872"},"modified":"2026-03-31T14:53:30","modified_gmt":"2026-03-31T14:53:30","slug":"buoux-le-fort-de-buoux","status":"publish","type":"post","link":"https:\/\/mavisiteenfrance.com\/index.php\/buoux-le-fort-de-buoux\/","title":{"rendered":"Buoux &#8211; Le Fort de Buoux"},"content":{"rendered":"\n<figure class=\"wp-block-image size-large is-resized\"><img loading=\"lazy\" decoding=\"async\" src=\"https:\/\/mavisiteenfrance.com\/wp-content\/uploads\/2021\/02\/Format-article-Ma-Visite-en-France-24.png\" alt=\"\" class=\"wp-image-873\" width=\"430\" height=\"297\"\/><\/figure>\n\n\n\n<p>Un plongeon dans le pass\u00e9 .<br>Situ\u00e9 sur un promontoire rocheux au milieu de falaises dans un oc\u00e9an de verdure, les \u00e9tages de civilisation se superposent ici depuis 80.000 avant notre \u00e8re , le Fort de Buoux est un des sites historique les plus remarquable de Provence .<\/p>\n\n\n\n<p><br>Au XIIe si\u00e8cle ce promontoire \u00e0 \u00e9t\u00e9 fortifi\u00e9 et le Fort y a \u00e9t\u00e9 construit pour prot\u00e9ger la ville d&rsquo;Apt des envahisseurs qui devaient franchir le Luberon et passer par Buoux : \u00a0\u00bb Buoux clef du Luberon \u00ab\u00a0.<\/p>\n\n\n\n<p><br>Au milieu de vues grandioses le visiteur y d\u00e9couvrira de nombreux vestiges de diverses \u00e9poques : abris naturels pr\u00e9historiques , grottes rupestres , cuve vinaire , silos et pressoirs taill\u00e9s dans le roc , tour de garde , remparts , \u00e9glise , sarcophages diss\u00e9min\u00e9s dans la for\u00eat , habitations ect\u2026et aussi cet impressionnant escalier secret creus\u00e9 \u00e0 m\u00eame la falaise qui encore aujourd &lsquo;hui reste une \u00e9nigme : voie sacr\u00e9e pour les uns , itin\u00e9raire de fuite pour les autres ou encore dispositif strat\u00e9gique\u2026<\/p>\n\n\n\n<p><br>La visite dure environ 1H30 , il est conseill\u00e9 d&rsquo;\u00eatre correctement chauss\u00e9 , proscrire les tongs et autres claquettes .<br>Parking gratuit , aire de picknic \u00e0 disposition , WC , vente de boissons fraiches .<br>Un plan de visite est offert \u00e0 l&rsquo;entr\u00e9e .<\/p>\n\n\n\n<p>Tarif : 5 euros \/4 euros de 10 \u00e0 25ans et groupes de15 personnes\/gratuit pour les moins de dix ans .<br>Le Fort est ouvert toute l&rsquo;ann\u00e9e , les horaires sont variables , se renseigner aupr\u00e8s du gardien .<br>Le Fort est ferm\u00e9 le mardi ainsi que par mauvais temps ; pluie , vent ect.<br>En \u00e9t\u00e9 le Fort est ferm\u00e9 par risque d&rsquo;incendie d\u00e9termin\u00e9 par la pr\u00e9fecture , borne d&rsquo;appel ; 04.28.31.77.11<\/p>\n\n\n\n<p>Pour tout renseignement contactez le gardien : 04.90.74.25.75<\/p>\n\n\n\n<p>Le Fort de Buoux-84480-Buoux<br>le-fort-de-buoux@gmx.fr<br>Tel. : 04.90.74.25.75<br><a rel=\"noreferrer noopener\" href=\"http:\/\/lefortdebuoux.e-monsite.com\/\" target=\"_blank\">http:\/\/lefortdebuoux.e-monsite.com\/<\/a><\/p>\n\n\n\n<div class=\"wp-block-buttons is-layout-flex wp-block-buttons-is-layout-flex\">\n<div class=\"wp-block-button\"><a class=\"wp-block-button__link has-vivid-cyan-blue-background-color has-background\" href=\"http:\/\/lefortdebuoux.e-monsite.com\/\" target=\"_blank\" rel=\"noreferrer noopener\"><span class=\"has-inline-color has-white-color\">Je d\u00e9couvre l&rsquo;activit\u00e9<\/span><\/a><\/div>\n<\/div>\n\n\n","protected":false},"excerpt":{"rendered":"<p>Un plongeon dans le pass\u00e9 .Situ\u00e9 sur un promontoire rocheux au milieu de falaises dans un oc\u00e9an de verdure, les \u00e9tages de civilisation se superposent ici depuis 80.000 avant notre \u00e8re , le Fort de Buoux est un des sites historique les plus remarquable de Provence . Au XIIe si\u00e8cle ce promontoire \u00e0 \u00e9t\u00e9 fortifi\u00e9 [&hellip;]<\/p>\n","protected":false},"author":1,"featured_media":873,"comment_status":"closed","ping_status":"closed","sticky":false,"template":"","format":"standard","meta":{"footnotes":""},"categories":[50],"tags":[],"class_list":["post-872","post","type-post","status-publish","format-standard","has-post-thumbnail","hentry","category-activites-insolites-region-de-avignon"],"yoast_head":"<!-- This site is optimized with the Yoast SEO plugin v19.6.1 - https:\/\/yoast.com\/wordpress\/plugins\/seo\/ -->\n<title>Buoux - Le Fort de Buoux - Ma Visite en France<\/title>\n<meta name=\"description\" content=\"Profitez d&#039;une visite guid\u00e9e pour d\u00e9couvrir le Fort de Buoux.\" \/>\n<meta name=\"robots\" content=\"index, follow, max-snippet:-1, max-image-preview:large, max-video-preview:-1\" \/>\n<link rel=\"canonical\" href=\"https:\/\/mavisiteenfrance.com\/index.php\/buoux-le-fort-de-buoux\/\" \/>\n<meta property=\"og:locale\" content=\"fr_FR\" \/>\n<meta property=\"og:type\" content=\"article\" \/>\n<meta property=\"og:title\" content=\"Buoux - Le Fort de Buoux - Ma Visite en France\" \/>\n<meta property=\"og:description\" content=\"Profitez d&#039;une visite guid\u00e9e pour d\u00e9couvrir le Fort de Buoux.\" \/>\n<meta property=\"og:url\" content=\"https:\/\/mavisiteenfrance.com\/index.php\/buoux-le-fort-de-buoux\/\" \/>\n<meta property=\"og:site_name\" content=\"Ma Visite en France\" \/>\n<meta property=\"article:published_time\" content=\"2021-02-17T15:23:29+00:00\" \/>\n<meta property=\"article:modified_time\" content=\"2026-03-31T14:53:30+00:00\" \/>\n<meta property=\"og:image\" content=\"https:\/\/mavisiteenfrance.com\/wp-content\/uploads\/2021\/02\/Format-article-Ma-Visite-en-France-24.png\" \/>\n\t<meta property=\"og:image:width\" content=\"550\" \/>\n\t<meta property=\"og:image:height\" content=\"380\" \/>\n\t<meta property=\"og:image:type\" content=\"image\/png\" \/>\n<meta name=\"author\" content=\"admin\" \/>\n<meta name=\"twitter:card\" content=\"summary_large_image\" \/>\n<meta name=\"twitter:label1\" content=\"\u00c9crit par\" \/>\n\t<meta name=\"twitter:data1\" content=\"admin\" \/>\n\t<meta name=\"twitter:label2\" content=\"Dur\u00e9e de lecture estim\u00e9e\" \/>\n\t<meta name=\"twitter:data2\" content=\"2 minutes\" \/>\n<script type=\"application\/ld+json\" class=\"yoast-schema-graph\">{\"@context\":\"https:\/\/schema.org\",\"@graph\":[{\"@type\":\"WebPage\",\"@id\":\"https:\/\/mavisiteenfrance.com\/index.php\/buoux-le-fort-de-buoux\/\",\"url\":\"https:\/\/mavisiteenfrance.com\/index.php\/buoux-le-fort-de-buoux\/\",\"name\":\"Buoux - Le Fort de Buoux - Ma Visite en France\",\"isPartOf\":{\"@id\":\"https:\/\/mavisiteenfrance.com\/#website\"},\"datePublished\":\"2021-02-17T15:23:29+00:00\",\"dateModified\":\"2026-03-31T14:53:30+00:00\",\"author\":{\"@id\":\"https:\/\/mavisiteenfrance.com\/#\/schema\/person\/b6a3c941e23f14cb37e924e8335f04c4\"},\"description\":\"Profitez d'une visite guid\u00e9e pour d\u00e9couvrir le Fort de Buoux.\",\"breadcrumb\":{\"@id\":\"https:\/\/mavisiteenfrance.com\/index.php\/buoux-le-fort-de-buoux\/#breadcrumb\"},\"inLanguage\":\"fr-FR\",\"potentialAction\":[{\"@type\":\"ReadAction\",\"target\":[\"https:\/\/mavisiteenfrance.com\/index.php\/buoux-le-fort-de-buoux\/\"]}]},{\"@type\":\"BreadcrumbList\",\"@id\":\"https:\/\/mavisiteenfrance.com\/index.php\/buoux-le-fort-de-buoux\/#breadcrumb\",\"itemListElement\":[{\"@type\":\"ListItem\",\"position\":1,\"name\":\"Accueil\",\"item\":\"https:\/\/mavisiteenfrance.com\/\"},{\"@type\":\"ListItem\",\"position\":2,\"name\":\"Buoux &#8211; Le Fort de Buoux\"}]},{\"@type\":\"WebSite\",\"@id\":\"https:\/\/mavisiteenfrance.com\/#website\",\"url\":\"https:\/\/mavisiteenfrance.com\/\",\"name\":\"Ma Visite en France\",\"description\":\"Exp\u00e9riences insolites\",\"potentialAction\":[{\"@type\":\"SearchAction\",\"target\":{\"@type\":\"EntryPoint\",\"urlTemplate\":\"https:\/\/mavisiteenfrance.com\/?s={search_term_string}\"},\"query-input\":\"required name=search_term_string\"}],\"inLanguage\":\"fr-FR\"},{\"@type\":\"Person\",\"@id\":\"https:\/\/mavisiteenfrance.com\/#\/schema\/person\/b6a3c941e23f14cb37e924e8335f04c4\",\"name\":\"admin\",\"image\":{\"@type\":\"ImageObject\",\"inLanguage\":\"fr-FR\",\"@id\":\"https:\/\/mavisiteenfrance.com\/#\/schema\/person\/image\/\",\"url\":\"https:\/\/secure.gravatar.com\/avatar\/ebd3faec6905ca75bc72e3855d8596480f5f3ea28e20f40025560f410c2e639b?s=96&d=mm&r=g\",\"contentUrl\":\"https:\/\/secure.gravatar.com\/avatar\/ebd3faec6905ca75bc72e3855d8596480f5f3ea28e20f40025560f410c2e639b?s=96&d=mm&r=g\",\"caption\":\"admin\"},\"sameAs\":[\"https:\/\/mavisiteenfrance.com\"],\"url\":\"https:\/\/mavisiteenfrance.com\/index.php\/author\/admin\/\"}]}<\/script>\n<!-- \/ Yoast SEO plugin. -->","yoast_head_json":{"title":"Buoux - Le Fort de Buoux - Ma Visite en France","description":"Profitez d'une visite guid\u00e9e pour d\u00e9couvrir le Fort de Buoux.","robots":{"index":"index","follow":"follow","max-snippet":"max-snippet:-1","max-image-preview":"max-image-preview:large","max-video-preview":"max-video-preview:-1"},"canonical":"https:\/\/mavisiteenfrance.com\/index.php\/buoux-le-fort-de-buoux\/","og_locale":"fr_FR","og_type":"article","og_title":"Buoux - Le Fort de Buoux - Ma Visite en France","og_description":"Profitez d'une visite guid\u00e9e pour d\u00e9couvrir le Fort de Buoux.","og_url":"https:\/\/mavisiteenfrance.com\/index.php\/buoux-le-fort-de-buoux\/","og_site_name":"Ma Visite en France","article_published_time":"2021-02-17T15:23:29+00:00","article_modified_time":"2026-03-31T14:53:30+00:00","og_image":[{"width":550,"height":380,"url":"https:\/\/mavisiteenfrance.com\/wp-content\/uploads\/2021\/02\/Format-article-Ma-Visite-en-France-24.png","type":"image\/png"}],"author":"admin","twitter_card":"summary_large_image","twitter_misc":{"\u00c9crit par":"admin","Dur\u00e9e de lecture estim\u00e9e":"2 minutes"},"schema":{"@context":"https:\/\/schema.org","@graph":[{"@type":"WebPage","@id":"https:\/\/mavisiteenfrance.com\/index.php\/buoux-le-fort-de-buoux\/","url":"https:\/\/mavisiteenfrance.com\/index.php\/buoux-le-fort-de-buoux\/","name":"Buoux - Le Fort de Buoux - Ma Visite en France","isPartOf":{"@id":"https:\/\/mavisiteenfrance.com\/#website"},"datePublished":"2021-02-17T15:23:29+00:00","dateModified":"2026-03-31T14:53:30+00:00","author":{"@id":"https:\/\/mavisiteenfrance.com\/#\/schema\/person\/b6a3c941e23f14cb37e924e8335f04c4"},"description":"Profitez d'une visite guid\u00e9e pour d\u00e9couvrir le Fort de Buoux.","breadcrumb":{"@id":"https:\/\/mavisiteenfrance.com\/index.php\/buoux-le-fort-de-buoux\/#breadcrumb"},"inLanguage":"fr-FR","potentialAction":[{"@type":"ReadAction","target":["https:\/\/mavisiteenfrance.com\/index.php\/buoux-le-fort-de-buoux\/"]}]},{"@type":"BreadcrumbList","@id":"https:\/\/mavisiteenfrance.com\/index.php\/buoux-le-fort-de-buoux\/#breadcrumb","itemListElement":[{"@type":"ListItem","position":1,"name":"Accueil","item":"https:\/\/mavisiteenfrance.com\/"},{"@type":"ListItem","position":2,"name":"Buoux &#8211; Le Fort de Buoux"}]},{"@type":"WebSite","@id":"https:\/\/mavisiteenfrance.com\/#website","url":"https:\/\/mavisiteenfrance.com\/","name":"Ma Visite en France","description":"Exp\u00e9riences insolites","potentialAction":[{"@type":"SearchAction","target":{"@type":"EntryPoint","urlTemplate":"https:\/\/mavisiteenfrance.com\/?s={search_term_string}"},"query-input":"required name=search_term_string"}],"inLanguage":"fr-FR"},{"@type":"Person","@id":"https:\/\/mavisiteenfrance.com\/#\/schema\/person\/b6a3c941e23f14cb37e924e8335f04c4","name":"admin","image":{"@type":"ImageObject","inLanguage":"fr-FR","@id":"https:\/\/mavisiteenfrance.com\/#\/schema\/person\/image\/","url":"https:\/\/secure.gravatar.com\/avatar\/ebd3faec6905ca75bc72e3855d8596480f5f3ea28e20f40025560f410c2e639b?s=96&d=mm&r=g","contentUrl":"https:\/\/secure.gravatar.com\/avatar\/ebd3faec6905ca75bc72e3855d8596480f5f3ea28e20f40025560f410c2e639b?s=96&d=mm&r=g","caption":"admin"},"sameAs":["https:\/\/mavisiteenfrance.com"],"url":"https:\/\/mavisiteenfrance.com\/index.php\/author\/admin\/"}]}},"_links":{"self":[{"href":"https:\/\/mavisiteenfrance.com\/index.php\/wp-json\/wp\/v2\/posts\/872","targetHints":{"allow":["GET"]}}],"collection":[{"href":"https:\/\/mavisiteenfrance.com\/index.php\/wp-json\/wp\/v2\/posts"}],"about":[{"href":"https:\/\/mavisiteenfrance.com\/index.php\/wp-json\/wp\/v2\/types\/post"}],"author":[{"embeddable":true,"href":"https:\/\/mavisiteenfrance.com\/index.php\/wp-json\/wp\/v2\/users\/1"}],"replies":[{"embeddable":true,"href":"https:\/\/mavisiteenfrance.com\/index.php\/wp-json\/wp\/v2\/comments?post=872"}],"version-history":[{"count":2,"href":"https:\/\/mavisiteenfrance.com\/index.php\/wp-json\/wp\/v2\/posts\/872\/revisions"}],"predecessor-version":[{"id":1283,"href":"https:\/\/mavisiteenfrance.com\/index.php\/wp-json\/wp\/v2\/posts\/872\/revisions\/1283"}],"wp:featuredmedia":[{"embeddable":true,"href":"https:\/\/mavisiteenfrance.com\/index.php\/wp-json\/wp\/v2\/media\/873"}],"wp:attachment":[{"href":"https:\/\/mavisiteenfrance.com\/index.php\/wp-json\/wp\/v2\/media?parent=872"}],"wp:term":[{"taxonomy":"category","embeddable":true,"href":"https:\/\/mavisiteenfrance.com\/index.php\/wp-json\/wp\/v2\/categories?post=872"},{"taxonomy":"post_tag","embeddable":true,"href":"https:\/\/mavisiteenfrance.com\/index.php\/wp-json\/wp\/v2\/tags?post=872"}],"curies":[{"name":"wp","href":"https:\/\/api.w.org\/{rel}","templated":true}]}}